{"id":95080,"date":"2026-01-04T03:54:30","date_gmt":"2026-01-04T01:54:30","guid":{"rendered":"http:\/\/mandino-selo.com\/wp\/?p=95080"},"modified":"2026-01-04T09:55:46","modified_gmt":"2026-01-04T07:55:46","slug":"poznati-mandoseljani-vinko-sarac-1952-2010","status":"publish","type":"post","link":"https:\/\/mandino-selo.com\/wp\/poznati-mandoseljani-vinko-sarac-1952-2010\/","title":{"rendered":"IN MEMORIAM: Vinko \u0160arac (1952.-2010.)"},"content":{"rendered":"<p><span style=\"color: #000000;\">Vinko je ro\u0111en 1952. godine u Mandinu Selu, od majke Kate ro\u0111. Lu\u010di\u0107 i oca Pa\u0161ke. <\/span><\/p>\n<p><span style=\"color: #000000;\">Osnovnu \u0161kolu\u00a0 zavr\u0161io je u Mandinu Selu, a srednju u Tomislavgradu. Oduvijek je bio odli\u010dan \u0111ak. Jo\u0161 u srednjoj \u0161koli pokazivao je veliki interes za matematiku, fiziku i elektroniku. Dok je poha\u0111ao srednju \u0161kolu\u00a0 napravio je svoju radio stanicu koju je nazvao <em>\u201cRadio stanica Pa\u0161kina klanica\u201d<\/em>, preko koje je emitirao izbor svojih pjesama\u00a0 i komedija.\u00a0 Stanica se mogla \u010duti u radijusu 50 km od Mandina Sela.<\/span><\/p>\n<p><span style=\"color: #000000;\">Prema pri\u010danju sumje\u0161tana i prijatelja Vinko je u inovacijama i promi\u0161ljanju bio korak ispred svoga vremena. Imao je puno ideja za brojne inovacije.<\/span><\/p>\n<p><span style=\"color: #000000;\">Poslije zavr\u0161etka srednje \u0161kole Vinko se upisao na Elektrotehni\u010dki fakultet u \u00a0Zagrebu gdje\u00a0 je i upoznao svoju suprugu Ivanku sa \u00a0kojom se o\u017eenio 1980. godine. Dok su \u017eivjeli u Mandinu Selu \u010dekali su papire za Ameriku i dobili su k\u0107er Moniku. Vinko i obitelj su se odselili u New York (SAD)\u00a0 1982. godine. Po dolasku u New York Vinko je po\u010deo raditi \u00a0s bratom Markom koji je imao tvrtku <em>Adriatic Construction Company<\/em> (tvrtka \u00a0za izgradnju ku\u0107a). Vinko i Ivanka su dobili jo\u0161 tri sina: Ivana, Marka i Daniela.<\/span><\/p>\n<p><span style=\"color: #000000;\">Kad \u00a0se brat Marko vratio u Hrvatsku Vinko je preuzeo tvrtkui i nastavio raditi\u00a0 s puno uspjeha.<\/span><\/p>\n<p><span style=\"color: #000000;\">U me\u0111uvremenu radio je neumorno na inovacijama i u kratkom razdoblju uspio je patentirati tri izuma:<\/span><br \/>\n<span style=\"color: #000000;\">1. Proximity Device,\u00a0\u00a0 1994 dobio je patent broj: 5,295.119<\/span><br \/>\n<a href=\"http:\/\/www.freepatentsonline.com\/5295119.pdf\">http:\/\/www.freepatentsonline.com\/5295119.pdf<\/a><\/p>\n<p><span style=\"color: #000000;\">2. FM WIRELESS TRANSMITTER \u00a0, 1986 dobio je patent 4,612,668<\/span><br \/>\n<a href=\"http:\/\/www.freepatentsonline.com\/4612668.pdf\">http:\/\/www.freepatentsonline.com\/4612668.pdf<\/a><\/p>\n<p><span style=\"color: #000000;\">3. Tool Manipulator 1999 dobio je patent broj:5.890.259<\/span><br \/>\n<a href=\"http:\/\/www.freepatentsonline.com\/5890259.pdf\">http:\/\/www.freepatentsonline.com\/5890259.pdf<\/a><\/p>\n<p><span style=\"color: #000000;\">Bio je na dvije svijetske izlo\u017ebe patenata: 1996. godine u Pittsburgu (Pensilvenia) i 1997. u Waterbary (Connecitect).<\/span><\/p>\n<p><span style=\"color: #000000;\">Njegovi ameri\u010dki prijatelji su bili odu\u0161evljeni njegovim uspjesima i dali su mu nadimak\u00a0 Tesla.<\/span><\/p>\n<p><span style=\"color: #000000;\">I dalje je radio na inovacijama ali prezauzet s poslovima i obiteljskim obavezama nije se mogao da vi\u0161e posvetiti izumima.<\/span><\/p>\n<p><span style=\"color: #000000;\">Cijelo to vrijeme bio je vrlo aktivan i zdrav. Planirao se vratit u domovinu Hrvatsku, gdje je 2000. godine \u00a0po\u010deo raditi ku\u0107u u blizini Zagreba. <\/span><\/p>\n<p><span style=\"color: #000000;\">Vrativ\u0161i se u SAD tu jesen prvi puta osjetio je da mu se zdravlje naru\u0161ava, no sve to vrijeme bio je optimist, vjeruju\u0107i u Boga da \u0107e se uspje\u0161no izlije\u010diti i nastaviti sa svojim planovima. <\/span><\/p>\n<p><span style=\"color: #000000;\">Rano ujutro, na Bo\u017ei\u0107 2009, godine hitna pomo\u0107 dovezla ga je u bolnicu gdje je bio punih deset dana, dok nije umro kasno u no\u0107, od zatajenja srca, 3. sije\u010dnja 2010. godine,\u00a0 samo tri dana prije 30. obljetnice braka. Po\u010divao u miru Bo\u017ejem!<br \/>\n<\/span><\/p>\n","protected":false},"excerpt":{"rendered":"<p>Vinko je ro\u0111en 1952. godine u Mandinu Selu, od majke Kate ro\u0111. Lu\u010di\u0107 i oca Pa\u0161ke. Osnovnu \u0161kolu\u00a0 zavr\u0161io je u Mandinu Selu, a srednju u Tomislavgradu. Oduvijek je bio odli\u010dan \u0111ak. Jo\u0161 u srednjoj \u0161koli pokazivao je veliki interes &hellip; <a href=\"https:\/\/mandino-selo.com\/wp\/poznati-mandoseljani-vinko-sarac-1952-2010\/\">pro\u010ditajte vi\u0161e<\/a><\/p>\n","protected":false},"author":31,"featured_media":165894,"comment_status":"open","ping_status":"open","sticky":false,"template":"","format":"standard","meta":{"ngg_post_thumbnail":0,"kt_blocks_editor_width":"","footnotes":""},"categories":[3],"tags":[],"_links":{"self":[{"href":"https:\/\/mandino-selo.com\/wp\/wp-json\/wp\/v2\/posts\/95080"}],"collection":[{"href":"https:\/\/mandino-selo.com\/wp\/wp-json\/wp\/v2\/posts"}],"about":[{"href":"https:\/\/mandino-selo.com\/wp\/wp-json\/wp\/v2\/types\/post"}],"author":[{"embeddable":true,"href":"https:\/\/mandino-selo.com\/wp\/wp-json\/wp\/v2\/users\/31"}],"replies":[{"embeddable":true,"href":"https:\/\/mandino-selo.com\/wp\/wp-json\/wp\/v2\/comments?post=95080"}],"version-history":[{"count":7,"href":"https:\/\/mandino-selo.com\/wp\/wp-json\/wp\/v2\/posts\/95080\/revisions"}],"predecessor-version":[{"id":165895,"href":"https:\/\/mandino-selo.com\/wp\/wp-json\/wp\/v2\/posts\/95080\/revisions\/165895"}],"wp:featuredmedia":[{"embeddable":true,"href":"https:\/\/mandino-selo.com\/wp\/wp-json\/wp\/v2\/media\/165894"}],"wp:attachment":[{"href":"https:\/\/mandino-selo.com\/wp\/wp-json\/wp\/v2\/media?parent=95080"}],"wp:term":[{"taxonomy":"category","embeddable":true,"href":"https:\/\/mandino-selo.com\/wp\/wp-json\/wp\/v2\/categories?post=95080"},{"taxonomy":"post_tag","embeddable":true,"href":"https:\/\/mandino-selo.com\/wp\/wp-json\/wp\/v2\/tags?post=95080"}],"curies":[{"name":"wp","href":"https:\/\/api.w.org\/{rel}","templated":true}]}}