{"id":80436,"date":"2019-02-08T05:31:23","date_gmt":"2019-02-08T03:31:23","guid":{"rendered":"http:\/\/mandino-selo.com\/wp\/?p=80436"},"modified":"2019-02-08T08:26:08","modified_gmt":"2019-02-08T06:26:08","slug":"iz-arhiva-nasih-ognjista-srpanj-kolovoz-1973-god-iii-broj-4-16-str-16","status":"publish","type":"post","link":"https:\/\/mandino-selo.com\/wp\/iz-arhiva-nasih-ognjista-srpanj-kolovoz-1973-god-iii-broj-4-16-str-16\/","title":{"rendered":"IZ ARHIVA NA\u0160IH OGNJI\u0160TA: srpanj &#8211; kolovoz 1973., god III., broj 4 (16), str. 16"},"content":{"rendered":"<p><strong><span style=\"color: #000000;\">Kongora proslavila svog nebeskog za\u0161titnika\u00a0<\/span><\/strong><\/p>\n<p><span style=\"color: #000000;\">\u017dupnik iz Kongore fra Bogomir Zlopa\u0161a svake godine nedjelju dana prije proslave Srca Isusova po\u0161alje obavijest okolnim \u017eupnicima da objave svojim vjernicima o redoslijedu proslave za\u0161tit\u00adnika Kongorske \u017eupe.\u00a0<\/span><\/p>\n<p><span style=\"color: #000000;\">Toga dana 1. srpnja 1973. na\u0161li su se u Kongori okolni \u017eupnici sa svojim pukom. Iako je istog dana bila u Duvnu sve\u010danost prve sv. pri\u00ad\u010desti na misi u 8 sati, nakon te proslave vjernici su u velikoj ve\u0107ini po\u0161li u Kongoru na tradicio\u00adnalnu proslavu. Hodo\u010dasnici su \u017eelili ispovijed, a sve\u0107enika je bio dovoljan broj. Pri\u010destilo se oko 1300 osoba.\u00a0<\/span><\/p>\n<p><span style=\"color: #000000;\">Propovijed na sve\u010danoj pu\u010dkoj misi dr\u017eao je fra Silvestar Ara\u010di\u0107, \u017eupnik Gospe van grada u \u0160ibeniku. On je rodbinski povezan s Kongorom i rado do\u0111e u Kongoru. Vjernici su ga rado slu\u00ad\u0161ali. Misa je bila vani jer je bilo naroda puno.<br \/>\n<\/span><\/p>\n<p><span style=\"color: #000000;\">Poslije mise po starom obi\u010daju narod se ra\u00adzi\u0161ao na prostor izme\u0111u crkve i \u0161kole da na ledini obavi agape \u2014 zajedni\u010dke \u00bbu\u017eine\u00ab. Svaka obitelj ponese u torbi hranu i okupljena s drugom rodbinom\u00a0blaguje pod\u00a0\u00a0otvorenim\u00a0\u00a0nebom.<\/span><\/p>\n<p><span style=\"color: #000000;\">Priredila:\u00a0<strong>Marija Maji\u0107<\/strong><\/span><\/p>\n","protected":false},"excerpt":{"rendered":"<p>Kongora proslavila svog nebeskog za\u0161titnika\u00a0 \u017dupnik iz Kongore fra Bogomir Zlopa\u0161a svake godine nedjelju dana prije proslave Srca Isusova po\u0161alje obavijest okolnim \u017eupnicima da objave svojim vjernicima o redoslijedu proslave za\u0161tit\u00adnika Kongorske \u017eupe.\u00a0 Toga dana 1. srpnja 1973. na\u0161li su &hellip; <a href=\"https:\/\/mandino-selo.com\/wp\/iz-arhiva-nasih-ognjista-srpanj-kolovoz-1973-god-iii-broj-4-16-str-16\/\">pro\u010ditajte vi\u0161e<\/a><\/p>\n","protected":false},"author":31,"featured_media":80437,"comment_status":"open","ping_status":"open","sticky":false,"template":"","format":"standard","meta":{"ngg_post_thumbnail":0,"kt_blocks_editor_width":"","footnotes":""},"categories":[17],"tags":[],"_links":{"self":[{"href":"https:\/\/mandino-selo.com\/wp\/wp-json\/wp\/v2\/posts\/80436"}],"collection":[{"href":"https:\/\/mandino-selo.com\/wp\/wp-json\/wp\/v2\/posts"}],"about":[{"href":"https:\/\/mandino-selo.com\/wp\/wp-json\/wp\/v2\/types\/post"}],"author":[{"embeddable":true,"href":"https:\/\/mandino-selo.com\/wp\/wp-json\/wp\/v2\/users\/31"}],"replies":[{"embeddable":true,"href":"https:\/\/mandino-selo.com\/wp\/wp-json\/wp\/v2\/comments?post=80436"}],"version-history":[{"count":2,"href":"https:\/\/mandino-selo.com\/wp\/wp-json\/wp\/v2\/posts\/80436\/revisions"}],"predecessor-version":[{"id":80712,"href":"https:\/\/mandino-selo.com\/wp\/wp-json\/wp\/v2\/posts\/80436\/revisions\/80712"}],"wp:featuredmedia":[{"embeddable":true,"href":"https:\/\/mandino-selo.com\/wp\/wp-json\/wp\/v2\/media\/80437"}],"wp:attachment":[{"href":"https:\/\/mandino-selo.com\/wp\/wp-json\/wp\/v2\/media?parent=80436"}],"wp:term":[{"taxonomy":"category","embeddable":true,"href":"https:\/\/mandino-selo.com\/wp\/wp-json\/wp\/v2\/categories?post=80436"},{"taxonomy":"post_tag","embeddable":true,"href":"https:\/\/mandino-selo.com\/wp\/wp-json\/wp\/v2\/tags?post=80436"}],"curies":[{"name":"wp","href":"https:\/\/api.w.org\/{rel}","templated":true}]}}