{"id":52269,"date":"2017-05-10T05:56:14","date_gmt":"2017-05-10T03:56:14","guid":{"rendered":"http:\/\/mandino-selo.com\/wp\/?p=52269"},"modified":"2017-05-02T20:58:49","modified_gmt":"2017-05-02T18:58:49","slug":"nasa-ognjista-i-nasa-bastina-korak-ispred","status":"publish","type":"post","link":"https:\/\/mandino-selo.com\/wp\/nasa-ognjista-i-nasa-bastina-korak-ispred\/","title":{"rendered":"NA\u0160A OGNJI\u0160TA I NA\u0160A BA\u0160TINA: Korak ispred"},"content":{"rendered":"<p>Mrtvi su na\u0161a bra\u0107a<\/p>\n<p>U svemu isti<\/p>\n<p>Samo su korak ispred<\/p>\n<p>&nbsp;<\/p>\n<p>Oni su pre\u0161li rijeku<\/p>\n<p>&nbsp;<\/p>\n<p>Izvor: Mijo Toki\u0107: <em>Moj kam<\/em>, 2016.<\/p>\n","protected":false},"excerpt":{"rendered":"<p>Mrtvi su na\u0161a bra\u0107a U svemu isti Samo su korak ispred &nbsp; Oni su pre\u0161li rijeku &nbsp; Izvor: Mijo Toki\u0107: Moj kam, 2016.<\/p>\n","protected":false},"author":31,"featured_media":52270,"comment_status":"open","ping_status":"open","sticky":false,"template":"","format":"standard","meta":{"ngg_post_thumbnail":0,"kt_blocks_editor_width":"","footnotes":""},"categories":[17],"tags":[],"_links":{"self":[{"href":"https:\/\/mandino-selo.com\/wp\/wp-json\/wp\/v2\/posts\/52269"}],"collection":[{"href":"https:\/\/mandino-selo.com\/wp\/wp-json\/wp\/v2\/posts"}],"about":[{"href":"https:\/\/mandino-selo.com\/wp\/wp-json\/wp\/v2\/types\/post"}],"author":[{"embeddable":true,"href":"https:\/\/mandino-selo.com\/wp\/wp-json\/wp\/v2\/users\/31"}],"replies":[{"embeddable":true,"href":"https:\/\/mandino-selo.com\/wp\/wp-json\/wp\/v2\/comments?post=52269"}],"version-history":[{"count":1,"href":"https:\/\/mandino-selo.com\/wp\/wp-json\/wp\/v2\/posts\/52269\/revisions"}],"predecessor-version":[{"id":52271,"href":"https:\/\/mandino-selo.com\/wp\/wp-json\/wp\/v2\/posts\/52269\/revisions\/52271"}],"wp:featuredmedia":[{"embeddable":true,"href":"https:\/\/mandino-selo.com\/wp\/wp-json\/wp\/v2\/media\/52270"}],"wp:attachment":[{"href":"https:\/\/mandino-selo.com\/wp\/wp-json\/wp\/v2\/media?parent=52269"}],"wp:term":[{"taxonomy":"category","embeddable":true,"href":"https:\/\/mandino-selo.com\/wp\/wp-json\/wp\/v2\/categories?post=52269"},{"taxonomy":"post_tag","embeddable":true,"href":"https:\/\/mandino-selo.com\/wp\/wp-json\/wp\/v2\/tags?post=52269"}],"curies":[{"name":"wp","href":"https:\/\/api.w.org\/{rel}","templated":true}]}}