{"id":37455,"date":"2023-06-15T03:28:00","date_gmt":"2023-06-15T01:28:00","guid":{"rendered":"http:\/\/mandino-selo.com\/wp\/?p=37455"},"modified":"2023-06-15T06:44:31","modified_gmt":"2023-06-15T04:44:31","slug":"nasa-ognjista-iz-1974-godine-poboznost-u-hercegovini","status":"publish","type":"post","link":"https:\/\/mandino-selo.com\/wp\/nasa-ognjista-iz-1974-godine-poboznost-u-hercegovini\/","title":{"rendered":"NA\u0160A OGNJI\u0160TA iz 1974. godine: Pobo\u017enost u Hercegovini"},"content":{"rendered":"<p><strong>O ku\u0107noj molitvi<\/strong><\/p>\n<p>\u201eKad sam \u017eivio kod o\u010deve ku\u0107e u Drinovcima\u201c, pi\u0161e fra An\u0111eo Nui\u0107, bio je ovaj obi\u010daj: Ujut\u00adro svijet bi ustajao u ranu zoru. \u010cim bi netko ustao, odmah se prekri\u017eio i pozdravljao Gospu (An\u0111eo Gospodnji). Kad bi svi uku\u0107ani ustali, onda bi jedna osoba predmolila An\u0111eo Gospodnji, Gospine litanije i nekoliko preporuka s O\u010de na\u0161, Zdravo Marijo, zatim djelo vjere ufanja i lju\u00adbavi. Uve\u010der, prije same ve\u010dere, molilo se isto. Nakon ve\u010dere stariji su prou\u010davali djecu molje\u00adnju napamet prema Bukvaru.<\/p>\n<p><strong>Odlazak k misi<\/strong><\/p>\n<p>U nedjelju uku\u0107ani su, koliko ih je vi\u0161e mo\u00adglo, odlazili k misi. Onaj tko je ostao kod ku\u0107e morao je izgovoriti najmanje po 3-4 kru\u00adnice. Nedjeljom nitko bez velike muke nije ra\u00addio. U ona vremena svatko je imao krunicu. Kad bi se i\u0161lo k misi ili na neki drugi put, molila bi se krunica.<\/p>\n<p>Za vrijeme sv. mise vjernici su s najve\u0107om pobo\u017eno\u0161\u0107u i to sve kle\u010de\u0107i slu\u0161ali propovijed, pa makar sve skupa trajalo i po dva sata. Tim vjernicima nije smetalo \u0161to su mo\u017eda kle\u010dali na kamenu ili na vla\u017enoj zemlji.<\/p>\n<p><strong>O postu<\/strong><\/p>\n<p>Posebni izraz kr\u0161\u0107anske pobo\u017enosti u stara vremena bio je post. Postovi su se obslu\u017eivali s najve\u0107om strogosti, tako da je i u bolesti bilo te\u0161ko nagovoriti bolesnika da se omrsi. \u017denskadija je postila sve petke i subote preko cijele godine. U te dane nisu jeli ni bijeloga smoka.<\/p>\n<p><strong>O ispovijedi<\/strong><\/p>\n<p>Vjernici bi se obi\u010dno ispovijedali po dva puta na godinu. U Korizmi i u jesen \u017eupnik bi, ka\u00adko nije bilo crkava ni kapela, prema potrebi, no\u0107evao po mahalama po jednu ili dvije no\u0107i.<\/p>\n<p><strong>O psovci<\/strong><\/p>\n<p>Velika psovka nije se \u010dula. U pograni\u010dnim se\u00adlima Dalmacije \u010dulo se vi\u0161e psovke. \u201eU mome dje\u00adtinjstvu nikada od kr\u0161\u0107anina nisam \u010duo da psuju krst i molitvu\u201c. Sasvim rijetko se \u010dulo da se ponetko zakleo Bogom, krstom, vjerom. Naj\u00adprije se to \u010dulo po pojedinim selima. Tada je \u010ditavo selo upiralo prstom u onoga koji se ta\u00adko zaklinjao. U Mostaru, kao i u ostalim gra\u00addovima, \u010dulo se i krupnijih psovki, ali do oku\u00adpacije (god. 1878.) nikada se nije \u010dulo, pa ni od najgoreg kr\u0161\u0107anina, ri\u0161\u0107anina, muslimana ili od koga drugoga da opsuje Boga, Majku Bo\u017eju, Isusa, An\u0111ela, Stvoritelja, nebo itd.<\/p>\n<p>Ove psov\u00adke donijeli su sa sobom Austrijanci, tako da se u gradu ove psovke \u010duju i od na\u0161ih katolika. Te psovke jo\u0161 se ne \u010duju po selima, a mo\u017ee Bog dati da se ova kuga ne ra\u0161iri i po selima.<\/p>\n<p>Sule\u017eni\u0161tva prije nije bilo, ili ako je bila sa\u00adma prigoda od toga Crkva je odmah nastojala njih rastaviti ili vjen\u010dati. Poslije okupacije stran\u00adci su to ra\u0161irili, tako da ne zna\u0161 tko je s kim zakonito vjen\u010dan ili nevjen\u010dan.<\/p>\n<p>Iz <em>Sva<\/em><em>\u0161tenjaka<\/em> fra An\u0111ela Nui\u0107a (zapisi od 1875. godine),<\/p>\n<p><strong>priredio A. Niki\u0107<\/strong><\/p>\n<p><em>&nbsp;<\/em><\/p>\n<p><em>(Na\u0161a ognji\u0161ta, sije\u010danj-velja\u010da 1974., str 15)<\/em><\/p>\n","protected":false},"excerpt":{"rendered":"<p>O ku\u0107noj molitvi \u201eKad sam \u017eivio kod o\u010deve ku\u0107e u Drinovcima\u201c, pi\u0161e fra An\u0111eo Nui\u0107, bio je ovaj obi\u010daj: Ujut\u00adro svijet bi ustajao u ranu zoru. \u010cim bi netko ustao, odmah se prekri\u017eio i pozdravljao Gospu (An\u0111eo Gospodnji). Kad bi &hellip; <a href=\"https:\/\/mandino-selo.com\/wp\/nasa-ognjista-iz-1974-godine-poboznost-u-hercegovini\/\">pro\u010ditajte vi\u0161e<\/a><\/p>\n","protected":false},"author":31,"featured_media":131336,"comment_status":"open","ping_status":"open","sticky":false,"template":"","format":"standard","meta":{"ngg_post_thumbnail":0,"kt_blocks_editor_width":"","footnotes":""},"categories":[17],"tags":[],"_links":{"self":[{"href":"https:\/\/mandino-selo.com\/wp\/wp-json\/wp\/v2\/posts\/37455"}],"collection":[{"href":"https:\/\/mandino-selo.com\/wp\/wp-json\/wp\/v2\/posts"}],"about":[{"href":"https:\/\/mandino-selo.com\/wp\/wp-json\/wp\/v2\/types\/post"}],"author":[{"embeddable":true,"href":"https:\/\/mandino-selo.com\/wp\/wp-json\/wp\/v2\/users\/31"}],"replies":[{"embeddable":true,"href":"https:\/\/mandino-selo.com\/wp\/wp-json\/wp\/v2\/comments?post=37455"}],"version-history":[{"count":2,"href":"https:\/\/mandino-selo.com\/wp\/wp-json\/wp\/v2\/posts\/37455\/revisions"}],"predecessor-version":[{"id":131335,"href":"https:\/\/mandino-selo.com\/wp\/wp-json\/wp\/v2\/posts\/37455\/revisions\/131335"}],"wp:featuredmedia":[{"embeddable":true,"href":"https:\/\/mandino-selo.com\/wp\/wp-json\/wp\/v2\/media\/131336"}],"wp:attachment":[{"href":"https:\/\/mandino-selo.com\/wp\/wp-json\/wp\/v2\/media?parent=37455"}],"wp:term":[{"taxonomy":"category","embeddable":true,"href":"https:\/\/mandino-selo.com\/wp\/wp-json\/wp\/v2\/categories?post=37455"},{"taxonomy":"post_tag","embeddable":true,"href":"https:\/\/mandino-selo.com\/wp\/wp-json\/wp\/v2\/tags?post=37455"}],"curies":[{"name":"wp","href":"https:\/\/api.w.org\/{rel}","templated":true}]}}