{"id":2686,"date":"2014-11-22T14:58:22","date_gmt":"2014-11-22T14:58:22","guid":{"rendered":"http:\/\/mandino-selo.com\/wp\/?p=2686"},"modified":"2014-11-22T14:58:22","modified_gmt":"2014-11-22T14:58:22","slug":"iz-arhiva-nasih-ognjista-rujan-1992-god-xxii-broj-187-str-8","status":"publish","type":"post","link":"https:\/\/mandino-selo.com\/wp\/iz-arhiva-nasih-ognjista-rujan-1992-god-xxii-broj-187-str-8\/","title":{"rendered":"IZ ARHIVA NA\u0160IH OGNJI\u0160TA: rujan 1992., god XXII., broj 187, str. 8"},"content":{"rendered":"<p>Pomo\u0107 Tomislavgradu iz Kanade<\/p>\n<p>&nbsp;<br \/>\nPrigodom nedavnog boravka gvardijana iz Tomislavgrada fra Gabrijela Mio\u010da u Kanadi, tamo\u0161nji na\u0161i ljudi zanimali su se za prilike u nas. I kad su doznali da su u gotovo svim mjestima Bosne i Hercegovine ljudi ostali bez posla i da oskudijevaju u svemu, Hrvatsko katoli\u010dko dru\u0161tvo iz Montreala prikupilo je potrebne namirnice i odje\u0107u za Duvnjake. To dru\u0161tvo djeluje na podru\u010dju Hrvatske katoli\u010dke misije u Montrealu. Misionar je tamo fra Stjepan Pand\u017ei\u0107, franjevac iz Drinovaca. On se stalno zauzima za upu\u0107ivanje nu\u017enih po\u0161iljaka u na\u0161u Hercegovinu.<\/p>\n<p>&nbsp;<br \/>\nU utorak 14. srpnja 1992. spomenuto Dru\u0161tvo poslalo je jedan spremnik na adresu Tomislavgrada. Spremnik je sadr\u017eavao \u0161e\u0107er, ri\u017eu, grah, ulje, tjesteninu, odje\u0107u i drugo. Nedavno je spremnik s namirnicama iz Rijeke preba\u010den u Karitas u Tomislavgrad. Isti po\u0161iljatelj uputio je i nov\u010danu pomo\u0107, po pet tisu\u0107a kanadskih dolara, za op\u0107ine: Tomislavgrad, \u010citluk, Zenicu i Jajce.<\/p>\n<p>&nbsp;<br \/>\nOd srca zahvaljujemo na\u0161im zemljacima u dalekoj Kanadi za darove. Time su dokazali svoju djelotvornu ljubav za nas koji trpimo oskudicu. Neka im Gospodin nagradi velikodu\u0161nost!<br \/>\n(Ferdo Vla\u0161i\u0107)<\/p>\n<p>&nbsp;<\/p>\n<p>Odabrala: <strong>Marija Maji\u0107<\/strong><\/p>\n","protected":false},"excerpt":{"rendered":"<p>Pomo\u0107 Tomislavgradu iz Kanade &nbsp; Prigodom nedavnog boravka gvardijana iz Tomislavgrada fra Gabrijela Mio\u010da u Kanadi, tamo\u0161nji na\u0161i ljudi zanimali su se za prilike u nas. I kad su doznali da su u gotovo svim mjestima Bosne i Hercegovine ljudi &hellip; <a href=\"https:\/\/mandino-selo.com\/wp\/iz-arhiva-nasih-ognjista-rujan-1992-god-xxii-broj-187-str-8\/\">pro\u010ditajte vi\u0161e<\/a><\/p>\n","protected":false},"author":31,"featured_media":2687,"comment_status":"open","ping_status":"open","sticky":false,"template":"","format":"standard","meta":{"ngg_post_thumbnail":0,"kt_blocks_editor_width":"","footnotes":""},"categories":[17],"tags":[],"_links":{"self":[{"href":"https:\/\/mandino-selo.com\/wp\/wp-json\/wp\/v2\/posts\/2686"}],"collection":[{"href":"https:\/\/mandino-selo.com\/wp\/wp-json\/wp\/v2\/posts"}],"about":[{"href":"https:\/\/mandino-selo.com\/wp\/wp-json\/wp\/v2\/types\/post"}],"author":[{"embeddable":true,"href":"https:\/\/mandino-selo.com\/wp\/wp-json\/wp\/v2\/users\/31"}],"replies":[{"embeddable":true,"href":"https:\/\/mandino-selo.com\/wp\/wp-json\/wp\/v2\/comments?post=2686"}],"version-history":[{"count":1,"href":"https:\/\/mandino-selo.com\/wp\/wp-json\/wp\/v2\/posts\/2686\/revisions"}],"predecessor-version":[{"id":2688,"href":"https:\/\/mandino-selo.com\/wp\/wp-json\/wp\/v2\/posts\/2686\/revisions\/2688"}],"wp:featuredmedia":[{"embeddable":true,"href":"https:\/\/mandino-selo.com\/wp\/wp-json\/wp\/v2\/media\/2687"}],"wp:attachment":[{"href":"https:\/\/mandino-selo.com\/wp\/wp-json\/wp\/v2\/media?parent=2686"}],"wp:term":[{"taxonomy":"category","embeddable":true,"href":"https:\/\/mandino-selo.com\/wp\/wp-json\/wp\/v2\/categories?post=2686"},{"taxonomy":"post_tag","embeddable":true,"href":"https:\/\/mandino-selo.com\/wp\/wp-json\/wp\/v2\/tags?post=2686"}],"curies":[{"name":"wp","href":"https:\/\/api.w.org\/{rel}","templated":true}]}}