{"id":1859,"date":"2014-11-03T20:38:08","date_gmt":"2014-11-03T20:38:08","guid":{"rendered":"http:\/\/mandino-selo.com\/wp\/?p=1859"},"modified":"2014-11-03T20:38:08","modified_gmt":"2014-11-03T20:38:08","slug":"sve-lijepo-pa-i-macke","status":"publish","type":"post","link":"https:\/\/mandino-selo.com\/wp\/sve-lijepo-pa-i-macke\/","title":{"rendered":"SVE LIJEPO, PA I MA\u010cKE"},"content":{"rendered":"<p>Uz ljude, na prvome mjestu, u Mandinu Selu lijepa je i priroda ali i doma\u0107e \u017eivotinje. Za danas smo iz arhive izdvojili nekoliko arhivskih fotografija, uz pse, na\u0161ih naj\u010de\u0161\u0107ih ljubimaca \u2013 ma\u010daka. Predu i u\u017eivaju, na suncu, ali i u hladu. A \u0161to ne bi, kad im je lipo oko na\u0161ih ku\u0107a.<\/p>\n<div id=\"kad-wp-gallery75\" class=\"kad-wp-gallery kad-light-wp-gallery clearfix kt-gallery-column-5 rowtight\"><div class=\"tcol-lg-25 tcol-md-25 tcol-sm-3 tcol-xs-4 tcol-ss-6 g_item\"><div class=\"grid_item kad_gallery_fade_in gallery_item\"><a href=\"https:\/\/mandino-selo.com\/wp\/wp-content\/uploads\/2014\/11\/sve-lijepo-1.jpg\" data-rel=\"lightbox\" class=\"lightboxhover\"><img loading=\"lazy\" decoding=\"async\" src=\"https:\/\/mandino-selo.com\/wp\/wp-content\/uploads\/2014\/11\/sve-lijepo-1.jpg\" width=\"800\" height=\"600\" alt=\"\" srcset=\"https:\/\/mandino-selo.com\/wp\/wp-content\/uploads\/2014\/11\/sve-lijepo-1.jpg 800w, https:\/\/mandino-selo.com\/wp\/wp-content\/uploads\/2014\/11\/sve-lijepo-1-350x262.jpg 350w\" sizes=\"(max-width: 800px) 100vw, 800px\" class=\"light-dropshaddow\"\/><\/a><\/div><\/div><div class=\"tcol-lg-25 tcol-md-25 tcol-sm-3 tcol-xs-4 tcol-ss-6 g_item\"><div class=\"grid_item kad_gallery_fade_in gallery_item\"><a href=\"https:\/\/mandino-selo.com\/wp\/wp-content\/uploads\/2014\/11\/sve-lijepo-2.jpg\" data-rel=\"lightbox\" class=\"lightboxhover\"><img loading=\"lazy\" decoding=\"async\" src=\"https:\/\/mandino-selo.com\/wp\/wp-content\/uploads\/2014\/11\/sve-lijepo-2.jpg\" width=\"800\" height=\"600\" alt=\"\" srcset=\"https:\/\/mandino-selo.com\/wp\/wp-content\/uploads\/2014\/11\/sve-lijepo-2.jpg 800w, https:\/\/mandino-selo.com\/wp\/wp-content\/uploads\/2014\/11\/sve-lijepo-2-350x262.jpg 350w\" sizes=\"(max-width: 800px) 100vw, 800px\" class=\"light-dropshaddow\"\/><\/a><\/div><\/div><div class=\"tcol-lg-25 tcol-md-25 tcol-sm-3 tcol-xs-4 tcol-ss-6 g_item\"><div class=\"grid_item kad_gallery_fade_in gallery_item\"><a href=\"https:\/\/mandino-selo.com\/wp\/wp-content\/uploads\/2014\/11\/sve-lijepo-3.jpg\" data-rel=\"lightbox\" class=\"lightboxhover\"><img loading=\"lazy\" decoding=\"async\" src=\"https:\/\/mandino-selo.com\/wp\/wp-content\/uploads\/2014\/11\/sve-lijepo-3.jpg\" width=\"800\" height=\"600\" alt=\"\" srcset=\"https:\/\/mandino-selo.com\/wp\/wp-content\/uploads\/2014\/11\/sve-lijepo-3.jpg 800w, https:\/\/mandino-selo.com\/wp\/wp-content\/uploads\/2014\/11\/sve-lijepo-3-350x262.jpg 350w\" sizes=\"(max-width: 800px) 100vw, 800px\" class=\"light-dropshaddow\"\/><\/a><\/div><\/div><div class=\"tcol-lg-25 tcol-md-25 tcol-sm-3 tcol-xs-4 tcol-ss-6 g_item\"><div class=\"grid_item kad_gallery_fade_in gallery_item\"><a href=\"https:\/\/mandino-selo.com\/wp\/wp-content\/uploads\/2014\/11\/sve-lijepo-4.jpg\" data-rel=\"lightbox\" class=\"lightboxhover\"><img loading=\"lazy\" decoding=\"async\" src=\"https:\/\/mandino-selo.com\/wp\/wp-content\/uploads\/2014\/11\/sve-lijepo-4.jpg\" width=\"800\" height=\"600\" alt=\"\" srcset=\"https:\/\/mandino-selo.com\/wp\/wp-content\/uploads\/2014\/11\/sve-lijepo-4.jpg 800w, https:\/\/mandino-selo.com\/wp\/wp-content\/uploads\/2014\/11\/sve-lijepo-4-350x262.jpg 350w\" sizes=\"(max-width: 800px) 100vw, 800px\" class=\"light-dropshaddow\"\/><\/a><\/div><\/div><\/div>\n<p>Tekst i foto: <strong><em>Ivica \u0160arac<\/em><\/strong><\/p>\n","protected":false},"excerpt":{"rendered":"<p>Uz ljude, na prvome mjestu, u Mandinu Selu lijepa je i priroda ali i doma\u0107e \u017eivotinje. Za danas smo iz arhive izdvojili nekoliko arhivskih fotografija, uz pse, na\u0161ih naj\u010de\u0161\u0107ih ljubimaca \u2013 ma\u010daka. Predu i u\u017eivaju, na suncu, ali i u &hellip; <a href=\"https:\/\/mandino-selo.com\/wp\/sve-lijepo-pa-i-macke\/\">pro\u010ditajte vi\u0161e<\/a><\/p>\n","protected":false},"author":1,"featured_media":1860,"comment_status":"open","ping_status":"open","sticky":false,"template":"","format":"standard","meta":{"ngg_post_thumbnail":0,"kt_blocks_editor_width":"","footnotes":""},"categories":[3],"tags":[],"_links":{"self":[{"href":"https:\/\/mandino-selo.com\/wp\/wp-json\/wp\/v2\/posts\/1859"}],"collection":[{"href":"https:\/\/mandino-selo.com\/wp\/wp-json\/wp\/v2\/posts"}],"about":[{"href":"https:\/\/mandino-selo.com\/wp\/wp-json\/wp\/v2\/types\/post"}],"author":[{"embeddable":true,"href":"https:\/\/mandino-selo.com\/wp\/wp-json\/wp\/v2\/users\/1"}],"replies":[{"embeddable":true,"href":"https:\/\/mandino-selo.com\/wp\/wp-json\/wp\/v2\/comments?post=1859"}],"version-history":[{"count":1,"href":"https:\/\/mandino-selo.com\/wp\/wp-json\/wp\/v2\/posts\/1859\/revisions"}],"predecessor-version":[{"id":1864,"href":"https:\/\/mandino-selo.com\/wp\/wp-json\/wp\/v2\/posts\/1859\/revisions\/1864"}],"wp:featuredmedia":[{"embeddable":true,"href":"https:\/\/mandino-selo.com\/wp\/wp-json\/wp\/v2\/media\/1860"}],"wp:attachment":[{"href":"https:\/\/mandino-selo.com\/wp\/wp-json\/wp\/v2\/media?parent=1859"}],"wp:term":[{"taxonomy":"category","embeddable":true,"href":"https:\/\/mandino-selo.com\/wp\/wp-json\/wp\/v2\/categories?post=1859"},{"taxonomy":"post_tag","embeddable":true,"href":"https:\/\/mandino-selo.com\/wp\/wp-json\/wp\/v2\/tags?post=1859"}],"curies":[{"name":"wp","href":"https:\/\/api.w.org\/{rel}","templated":true}]}}