{"id":1788,"date":"2014-11-02T10:14:14","date_gmt":"2014-11-02T10:14:14","guid":{"rendered":"http:\/\/mandino-selo.com\/wp\/?p=1788"},"modified":"2014-11-02T10:14:14","modified_gmt":"2014-11-02T10:14:14","slug":"ususret-jubileju-dovrsenje-zupnog-stana-2","status":"publish","type":"post","link":"https:\/\/mandino-selo.com\/wp\/ususret-jubileju-dovrsenje-zupnog-stana-2\/","title":{"rendered":"USUSRET JUBILEJU: Dovr\u0161enje \u017eupnog stana (2)"},"content":{"rendered":"<p>Kad je fra Ambro te jeseni (1921.) dovezao svoje stvari iz Seonice u Kongo\u00adru na volovskim kolima, istovario ih je \u2014 na golu ledinu. Naime, graditelj ku\u0107e Stipe Dela\u0107, zavr\u0161iv\u0161i ku\u0107u, odnio je klju\u010d sa sobom i nije ga htio dati, jer mu ku\u0107a nije bila ispla\u0107ena. Onda je u Duvno po\u0161ao po klju\u010d Ivan Gali\u0107, jedan od uglednijih Kongorana, i donio ga jam\u010de\u0107i sam da \u0107e mu svota biti ispla\u0107ena.<\/p>\n<p>,,Iste godine napravi (fra Ambro) i \u0161talu sa \u017eupljanima. U ovom poduze\u0107u ku\u0107e i \u0161tale Bor\u010dani op\u0107ina ni\u0161ta nije doprinosila.&#8221; Opet ista pri\u010da! Fra Ambro je \u2014 ka\u017eu \u2014 u \u0161tali dr\u017eao ,,golemo blago&#8221;: \u010dak po pet krava, konje&#8230; Imali su gdje pasti!<\/p>\n<p>Kako vidimo, fra Ambro je u Kongori ostao vrlo kratko, svega oko pola godine, \u0161to nam se \u010dini \u010dudnim kad vidimo da je otpo\u010deo s gradnjom i ve\u0107 izgradio ku\u0107u i \u0161talu. Uzrokenjegova premje\u0161taja moramo, \u010dini se, tra\u017eiti na drugoj strani. On je kao poslugu u ku\u0107i dr\u017eao \u017eensku osobu, iako je tada uobi\u010dajeno bilo imati dijake, tj. mu\u0161karce koji supomagali kako u &#8216;odgovaranju mise&#8217; tako i u poljodjelskim poslovima na \u017eupnikovu imanju. Ali zbog opomene Starje\u0161instva ili zbog izravnog premje\u0161taja, on iste godine odlazi uSAD, ne \u017eele\u0107i vi\u0161e ostati u Hercegovini, i tamo umire u Chicagu 1966. Pokopan je na Holy Sepulchre, u franjeva\u010dkoj grobnici, Chicago.<\/p>\n<p>&nbsp;<\/p>\n<p>Izvor:<strong> Robert Joli\u0107:\u00a0<\/strong><em>\u017dupa Kongora<\/em><strong>, 1993.<\/strong><\/p>\n<p><strong>Foto: Ivica \u0160arac<\/strong><\/p>\n","protected":false},"excerpt":{"rendered":"<p>Kad je fra Ambro te jeseni (1921.) dovezao svoje stvari iz Seonice u Kongo\u00adru na volovskim kolima, istovario ih je \u2014 na golu ledinu. Naime, graditelj ku\u0107e Stipe Dela\u0107, zavr\u0161iv\u0161i ku\u0107u, odnio je klju\u010d sa sobom i nije ga htio &hellip; <a href=\"https:\/\/mandino-selo.com\/wp\/ususret-jubileju-dovrsenje-zupnog-stana-2\/\">pro\u010ditajte vi\u0161e<\/a><\/p>\n","protected":false},"author":1,"featured_media":1789,"comment_status":"open","ping_status":"open","sticky":false,"template":"","format":"standard","meta":{"ngg_post_thumbnail":0,"kt_blocks_editor_width":"","footnotes":""},"categories":[23],"tags":[],"_links":{"self":[{"href":"https:\/\/mandino-selo.com\/wp\/wp-json\/wp\/v2\/posts\/1788"}],"collection":[{"href":"https:\/\/mandino-selo.com\/wp\/wp-json\/wp\/v2\/posts"}],"about":[{"href":"https:\/\/mandino-selo.com\/wp\/wp-json\/wp\/v2\/types\/post"}],"author":[{"embeddable":true,"href":"https:\/\/mandino-selo.com\/wp\/wp-json\/wp\/v2\/users\/1"}],"replies":[{"embeddable":true,"href":"https:\/\/mandino-selo.com\/wp\/wp-json\/wp\/v2\/comments?post=1788"}],"version-history":[{"count":1,"href":"https:\/\/mandino-selo.com\/wp\/wp-json\/wp\/v2\/posts\/1788\/revisions"}],"predecessor-version":[{"id":1790,"href":"https:\/\/mandino-selo.com\/wp\/wp-json\/wp\/v2\/posts\/1788\/revisions\/1790"}],"wp:featuredmedia":[{"embeddable":true,"href":"https:\/\/mandino-selo.com\/wp\/wp-json\/wp\/v2\/media\/1789"}],"wp:attachment":[{"href":"https:\/\/mandino-selo.com\/wp\/wp-json\/wp\/v2\/media?parent=1788"}],"wp:term":[{"taxonomy":"category","embeddable":true,"href":"https:\/\/mandino-selo.com\/wp\/wp-json\/wp\/v2\/categories?post=1788"},{"taxonomy":"post_tag","embeddable":true,"href":"https:\/\/mandino-selo.com\/wp\/wp-json\/wp\/v2\/tags?post=1788"}],"curies":[{"name":"wp","href":"https:\/\/api.w.org\/{rel}","templated":true}]}}