{"id":168827,"date":"2026-04-29T15:01:30","date_gmt":"2026-04-29T13:01:30","guid":{"rendered":"https:\/\/mandino-selo.com\/wp\/?p=168827"},"modified":"2026-04-29T15:01:41","modified_gmt":"2026-04-29T13:01:41","slug":"sto-ti-je-covjek","status":"publish","type":"post","link":"https:\/\/mandino-selo.com\/wp\/sto-ti-je-covjek\/","title":{"rendered":"\u0160to ti je \u010dovjek\u2026"},"content":{"rendered":"\n<div class=\"wp-block-group\"><div class=\"wp-block-group__inner-container is-layout-constrained wp-block-group-is-layout-constrained\">\n<p>Vrijeme izletjelo iz tra\u010dnica<\/p>\n<p>rano prolje\u0107e obuklo se u bijelo<\/p>\n<p>a bura dobro propuhala ljudske du\u0161e<\/p>\n<p>i cvjetne kro\u0161nje vo\u0107aka stresla.<\/p>\n<p>\u00a0<\/p>\n<p>\u010covjek isko\u010dio iz okvira ljudskih norma.<\/p>\n<p>Krivo shvativ\u0161i slobodu, pobjegao od sebe<\/p>\n<p>razmilio se po prostranstvima ove Zemlje<\/p>\n<p>u potrazi za vodom i kruhom<\/p>\n<p>jedrim zrnom i poga\u010dom<\/p>\n<p>kad kruha dovoljno ima;<\/p>\n<p>\u00a0<\/p>\n<p>a onda tra\u017ei stan<\/p>\n<p>zatim ho\u0107e ve\u0107i, na \u0161to ni\u017eem katu<\/p>\n<p>ku\u0107u na brijegu<\/p>\n<p>vilu na kopnu i moru<\/p>\n<p>po mogu\u0107nosti s bazenom<\/p>\n<p>vi\u0161e vlasti<\/p>\n<p>i \u010dasti;<\/p>\n<p>i tu ne zna stat:<\/p>\n<p>\u017eudi za tu\u0111om \u017eenom<\/p>\n<p>tu\u0111om zemljom<\/p>\n<p>ho\u0107e tu\u0111e more<\/p>\n<p>blaga tu\u0111a<\/p>\n<p>tu\u0111e glave.<\/p>\n<p>\u00a0<\/p>\n<p>I onda kad ni sam vi\u0161e ne zna \u0161to bi<\/p>\n<p>\u010duje kako bi bilo dobro da na vrijeme rezervira kartu za let<\/p>\n<p>i izlet na jedan od planeta<\/p>\n<p>da se u kabini rakete polako okre\u0107e u beste\u017einskom stanju<\/p>\n<p>malo ljulju\u0161ka<\/p>\n<p>s opremom skaku\u0107e po surom terenu<\/p>\n<p>i promisli o gradnji neke vikendice ondje<\/p>\n<p>\u00a0jer na Zemlji ionako mjesta vi\u0161e nema?!<\/p>\n<p>\u00a0<\/p>\n<p>Ante \u0160arac<\/p>\n<\/div><\/div>\n","protected":false},"excerpt":{"rendered":"<p>Vrijeme izletjelo iz tra\u010dnica rano prolje\u0107e obuklo se u bijelo a bura dobro propuhala ljudske du\u0161e i cvjetne kro\u0161nje vo\u0107aka stresla. \u00a0 \u010covjek isko\u010dio iz okvira ljudskih norma. Krivo shvativ\u0161i slobodu, pobjegao od sebe razmilio se po prostranstvima ove Zemlje &hellip; <a href=\"https:\/\/mandino-selo.com\/wp\/sto-ti-je-covjek\/\">pro\u010ditajte vi\u0161e<\/a><\/p>\n","protected":false},"author":31,"featured_media":168758,"comment_status":"open","ping_status":"open","sticky":false,"template":"","format":"standard","meta":{"ngg_post_thumbnail":0,"kt_blocks_editor_width":"","footnotes":""},"categories":[39],"tags":[],"_links":{"self":[{"href":"https:\/\/mandino-selo.com\/wp\/wp-json\/wp\/v2\/posts\/168827"}],"collection":[{"href":"https:\/\/mandino-selo.com\/wp\/wp-json\/wp\/v2\/posts"}],"about":[{"href":"https:\/\/mandino-selo.com\/wp\/wp-json\/wp\/v2\/types\/post"}],"author":[{"embeddable":true,"href":"https:\/\/mandino-selo.com\/wp\/wp-json\/wp\/v2\/users\/31"}],"replies":[{"embeddable":true,"href":"https:\/\/mandino-selo.com\/wp\/wp-json\/wp\/v2\/comments?post=168827"}],"version-history":[{"count":1,"href":"https:\/\/mandino-selo.com\/wp\/wp-json\/wp\/v2\/posts\/168827\/revisions"}],"predecessor-version":[{"id":168829,"href":"https:\/\/mandino-selo.com\/wp\/wp-json\/wp\/v2\/posts\/168827\/revisions\/168829"}],"wp:featuredmedia":[{"embeddable":true,"href":"https:\/\/mandino-selo.com\/wp\/wp-json\/wp\/v2\/media\/168758"}],"wp:attachment":[{"href":"https:\/\/mandino-selo.com\/wp\/wp-json\/wp\/v2\/media?parent=168827"}],"wp:term":[{"taxonomy":"category","embeddable":true,"href":"https:\/\/mandino-selo.com\/wp\/wp-json\/wp\/v2\/categories?post=168827"},{"taxonomy":"post_tag","embeddable":true,"href":"https:\/\/mandino-selo.com\/wp\/wp-json\/wp\/v2\/tags?post=168827"}],"curies":[{"name":"wp","href":"https:\/\/api.w.org\/{rel}","templated":true}]}}