{"id":1638,"date":"2014-10-26T20:36:12","date_gmt":"2014-10-26T20:36:12","guid":{"rendered":"http:\/\/mandino-selo.com\/wp\/?p=1638"},"modified":"2014-10-26T20:36:12","modified_gmt":"2014-10-26T20:36:12","slug":"najava-odavanje-pocasti-poginulim-i-nestalim-hrvatskim-braniteljima","status":"publish","type":"post","link":"https:\/\/mandino-selo.com\/wp\/najava-odavanje-pocasti-poginulim-i-nestalim-hrvatskim-braniteljima\/","title":{"rendered":"NAJAVA: Odavanje po\u010dasti poginulim i nestalim hrvatskim braniteljima"},"content":{"rendered":"<p>U povodu svetkovine Svih svetih i Du\u0161noga dana Slu\u017eba za pitanja branitelja i braniteljsko \u2013 invalidsku za\u0161titu op\u0107ine Tomislavgrad, u suradnji s udrugama proisteklima iz Domovinskoga rata \u0107e u <strong>SRIJEDU (29. 10.) I \u010cETVRTAK (30. 10.)<\/strong> posjetiti sve grobove hrvatskih branitelja na podru\u010dju op\u0107ine Tomislavgrad, polo\u017eiti cvije\u0107e i zapaliti svije\u0107e.<\/p>\n<p><strong>U<\/strong> <strong>PETAK (31. 10.) u 10,30 sati<\/strong> bit \u0107e polo\u017eeni vijenci i zapaljene svije\u0107e kod sredi\u0161njeg spomen-obilje\u017eja u Tomislavgradu, a <strong>u 11 sati<\/strong>, u spomen-bazilici bit \u0107e slu\u017eena sveta misa za sve poginule i nestale hrvatske branitelje.<\/p>\n<p>Pozivaju se svi \u010dlanovi obitelji poginulih i nestalih hrvatskih branitelja, ratni vojni invalidi, razvoja\u010deni hrvatskih branitelji i svi ostali da svojom nazo\u010dno\u0161\u0107u odaju po\u010dast poginulim i nestalim hrvatskim braniteljima Domovinskoga rata.<\/p>\n<p>Izvor: <em><strong>Op\u0107ina Tomislavgrad<\/strong><\/em><\/p>\n<p>Foto: <em><strong>Ivica \u0160arac<\/strong><\/em><\/p>\n","protected":false},"excerpt":{"rendered":"<p>U povodu svetkovine Svih svetih i Du\u0161noga dana Slu\u017eba za pitanja branitelja i braniteljsko \u2013 invalidsku za\u0161titu op\u0107ine Tomislavgrad, u suradnji s udrugama proisteklima iz Domovinskoga rata \u0107e u SRIJEDU (29. 10.) I \u010cETVRTAK (30. 10.) posjetiti sve grobove hrvatskih &hellip; <a href=\"https:\/\/mandino-selo.com\/wp\/najava-odavanje-pocasti-poginulim-i-nestalim-hrvatskim-braniteljima\/\">pro\u010ditajte vi\u0161e<\/a><\/p>\n","protected":false},"author":1,"featured_media":1639,"comment_status":"open","ping_status":"open","sticky":false,"template":"","format":"standard","meta":{"ngg_post_thumbnail":0,"kt_blocks_editor_width":"","footnotes":""},"categories":[27],"tags":[],"_links":{"self":[{"href":"https:\/\/mandino-selo.com\/wp\/wp-json\/wp\/v2\/posts\/1638"}],"collection":[{"href":"https:\/\/mandino-selo.com\/wp\/wp-json\/wp\/v2\/posts"}],"about":[{"href":"https:\/\/mandino-selo.com\/wp\/wp-json\/wp\/v2\/types\/post"}],"author":[{"embeddable":true,"href":"https:\/\/mandino-selo.com\/wp\/wp-json\/wp\/v2\/users\/1"}],"replies":[{"embeddable":true,"href":"https:\/\/mandino-selo.com\/wp\/wp-json\/wp\/v2\/comments?post=1638"}],"version-history":[{"count":1,"href":"https:\/\/mandino-selo.com\/wp\/wp-json\/wp\/v2\/posts\/1638\/revisions"}],"predecessor-version":[{"id":1640,"href":"https:\/\/mandino-selo.com\/wp\/wp-json\/wp\/v2\/posts\/1638\/revisions\/1640"}],"wp:featuredmedia":[{"embeddable":true,"href":"https:\/\/mandino-selo.com\/wp\/wp-json\/wp\/v2\/media\/1639"}],"wp:attachment":[{"href":"https:\/\/mandino-selo.com\/wp\/wp-json\/wp\/v2\/media?parent=1638"}],"wp:term":[{"taxonomy":"category","embeddable":true,"href":"https:\/\/mandino-selo.com\/wp\/wp-json\/wp\/v2\/categories?post=1638"},{"taxonomy":"post_tag","embeddable":true,"href":"https:\/\/mandino-selo.com\/wp\/wp-json\/wp\/v2\/tags?post=1638"}],"curies":[{"name":"wp","href":"https:\/\/api.w.org\/{rel}","templated":true}]}}