{"id":161556,"date":"2025-08-31T23:31:00","date_gmt":"2025-08-31T21:31:00","guid":{"rendered":"https:\/\/mandino-selo.com\/wp\/?p=161556"},"modified":"2025-09-01T13:33:50","modified_gmt":"2025-09-01T11:33:50","slug":"zupne-obavijesti-22-nedjelja-kroz-godinu-3","status":"publish","type":"post","link":"https:\/\/mandino-selo.com\/wp\/zupne-obavijesti-22-nedjelja-kroz-godinu-3\/","title":{"rendered":"\u017dUPNE OBAVIJESTI: 22. nedjelja kroz godinu"},"content":{"rendered":"<ol start=\"22\">\n<li style=\"text-align: center;\"><strong> nedjelja kroz godinu\u00a0\u00a0\u00a0\u00a0\u00a0\u00a0\u00a0\u00a0\u00a0\u00a0\u00a0\u00a0\u00a0\u00a0\u00a0\u00a0\u00a0\u00a0\u00a0\u00a0\u00a0\u00a0\u00a0\u00a0 31. kolovoza 2025.<\/strong><\/li>\n<\/ol>\n<p style=\"text-align: center;\"><strong>\u017d U P N E\u00a0\u00a0 O B A V I J E S T I<\/strong><\/p>\n<ol>\n<li>Sv. mise u idu\u0107em tjednu u 7.30:<\/li>\n<\/ol>\n<table width=\"100%\">\n<tbody>\n<tr>\n<td width=\"35%\">1.9. Ponedjeljak<\/td>\n<td width=\"64%\">Petar Gali\u0107 za sve svoje ++<\/td>\n<\/tr>\n<tr>\n<td width=\"35%\">2.9. Utorak<\/td>\n<td width=\"64%\">Zdravko i An\u0111a Mati\u0107 za sve svoje ++<\/td>\n<\/tr>\n<tr>\n<td width=\"35%\">3.9. Srijeda<\/td>\n<td width=\"64%\">Kata Knje\u017eevi\u0107 za sve svoje ++<\/td>\n<\/tr>\n<tr>\n<td width=\"35%\">4.9. \u010cetvrtak<\/td>\n<td width=\"64%\">Jela Joli\u0107 za sve svoje ++<\/td>\n<\/tr>\n<tr>\n<td width=\"35%\">5.9. Petak<\/td>\n<td width=\"64%\">Za + Kri\u017eana Ma\u0161i\u0107a<\/td>\n<\/tr>\n<tr>\n<td width=\"35%\">6.9. Subota, <strong>19h<\/strong><\/td>\n<td width=\"64%\">Za + Jozu \u0160arca<\/td>\n<\/tr>\n<\/tbody>\n<\/table>\n<ol start=\"2\">\n<li>U subotu ne\u0107e biti jutarnje mise, misa \u0107e biti ve\u010dernja, u 18.30 moli se gospina krunica, a u 19h slavimo misu. U nedjelju svete mise su po ustaljenom rasporedu: u Kongori u 8h i 11h, u Bor\u010danima u 9.30h. Idu\u0107a nedjelja prva je u mjesecu, klanjanje Presvetom Sakramentu bit \u0107e u 19h.<\/li>\n<li>Sutra zapo\u010dinje nova \u0161kolska godina. Svetu misu za blagoslov u novoj \u0161kolskoj godini, slavit \u0107emo sutra, u ponedjeljak, u 9h. Pozivam sve u\u010denike, \u0161kolske djelatnike i roditelje da do\u0111u i zajedno se pomolimo.<\/li>\n<li>Ovaj tjedan zapo\u010dinjemo i sa probama velikog zbora. Ukoliko se netko \u017eeli pridru\u017eiti zboru, pogotovo od mu\u0161kih, bez obzira na uzrast, bit \u0107e nam drago da do\u0111e na probu u subotu u 19.30.<\/li>\n<\/ol>\n","protected":false},"excerpt":{"rendered":"<p>nedjelja kroz godinu\u00a0\u00a0\u00a0\u00a0\u00a0\u00a0\u00a0\u00a0\u00a0\u00a0\u00a0\u00a0\u00a0\u00a0\u00a0\u00a0\u00a0\u00a0\u00a0\u00a0\u00a0\u00a0\u00a0\u00a0 31. kolovoza 2025. \u017d U P N E\u00a0\u00a0 O B A V I J E S T I Sv. mise u idu\u0107em tjednu u 7.30: 1.9. Ponedjeljak Petar Gali\u0107 za sve svoje ++ 2.9. Utorak Zdravko i &hellip; <a href=\"https:\/\/mandino-selo.com\/wp\/zupne-obavijesti-22-nedjelja-kroz-godinu-3\/\">pro\u010ditajte vi\u0161e<\/a><\/p>\n","protected":false},"author":31,"featured_media":161278,"comment_status":"open","ping_status":"open","sticky":false,"template":"","format":"standard","meta":{"ngg_post_thumbnail":0,"kt_blocks_editor_width":"","footnotes":""},"categories":[24],"tags":[],"_links":{"self":[{"href":"https:\/\/mandino-selo.com\/wp\/wp-json\/wp\/v2\/posts\/161556"}],"collection":[{"href":"https:\/\/mandino-selo.com\/wp\/wp-json\/wp\/v2\/posts"}],"about":[{"href":"https:\/\/mandino-selo.com\/wp\/wp-json\/wp\/v2\/types\/post"}],"author":[{"embeddable":true,"href":"https:\/\/mandino-selo.com\/wp\/wp-json\/wp\/v2\/users\/31"}],"replies":[{"embeddable":true,"href":"https:\/\/mandino-selo.com\/wp\/wp-json\/wp\/v2\/comments?post=161556"}],"version-history":[{"count":2,"href":"https:\/\/mandino-selo.com\/wp\/wp-json\/wp\/v2\/posts\/161556\/revisions"}],"predecessor-version":[{"id":161558,"href":"https:\/\/mandino-selo.com\/wp\/wp-json\/wp\/v2\/posts\/161556\/revisions\/161558"}],"wp:featuredmedia":[{"embeddable":true,"href":"https:\/\/mandino-selo.com\/wp\/wp-json\/wp\/v2\/media\/161278"}],"wp:attachment":[{"href":"https:\/\/mandino-selo.com\/wp\/wp-json\/wp\/v2\/media?parent=161556"}],"wp:term":[{"taxonomy":"category","embeddable":true,"href":"https:\/\/mandino-selo.com\/wp\/wp-json\/wp\/v2\/categories?post=161556"},{"taxonomy":"post_tag","embeddable":true,"href":"https:\/\/mandino-selo.com\/wp\/wp-json\/wp\/v2\/tags?post=161556"}],"curies":[{"name":"wp","href":"https:\/\/api.w.org\/{rel}","templated":true}]}}