{"id":161197,"date":"2025-08-21T11:50:57","date_gmt":"2025-08-21T09:50:57","guid":{"rendered":"https:\/\/mandino-selo.com\/wp\/?p=161197"},"modified":"2025-08-21T11:51:08","modified_gmt":"2025-08-21T09:51:08","slug":"mons-petar-palic-ujedinimo-se-s-cijelom-crkvom-u-danu-posta-i-molitve-za-mir-u-petak-22-kolovoza-2025-na-blagdan-blazene-djevice-marije-kraljice","status":"publish","type":"post","link":"https:\/\/mandino-selo.com\/wp\/mons-petar-palic-ujedinimo-se-s-cijelom-crkvom-u-danu-posta-i-molitve-za-mir-u-petak-22-kolovoza-2025-na-blagdan-blazene-djevice-marije-kraljice\/","title":{"rendered":"MONS. PETAR PALI\u0106: Ujedinimo se s cijelom Crkvom u danu posta i molitve za mir u petak, 22. kolovoza 2025., na blagdan Bla\u017eene Djevice Marije Kraljice"},"content":{"rendered":"<p>Draga bra\u0107o i sestre u Kristul<\/p>\n<p>Dok svijet dalje prolazi kroz tamne doline sukoba, mr\u017enje i nepravde, na\u0161 pogled upravljamo Onome koji jedini mo\u017ee darovati istinski mir, Kristu, Kralju mira. U Njegovu svjetlu i nadahnut poticajima Svetoga Oca, pape Lava XIV., koji neumorno poziva na molitvu pokoru u trenucima krize, obra\u0107am vam se ovim pastirskim pozivom.<\/p>\n<p>Odgovaraju\u0107i na poziv pape Lava XIV, pozivam sve sve\u0107enike, redovnice i redovnice, kao i sve vjernike na\u0161ih biskupij\u00e2 da se s cijelom Crkvom ujedinimo u danu posta i molitve za mir u petak, 22. kolovoza 2025., na blagdan Bla\u017eene Djevice Marije Kraljice.<\/p>\n<p>U duhu vjere i pouzdanja u Bo\u017eju providnost, prika\u017eimo toga dana Gospodinu svoju \u017ertvu posta; neka to bude post o kruhu i vodi, ili druga prikladna osobna \u017ertva, prema vlastitim mogu\u0107nostima.<\/p>\n<p>Posebno vas poti\u010dem da toga dana molimo krunicu, osobito s nakanom za mir u svijetu, za pogodene ratovima i nepravdama, za one koji trpe u ti\u0161ini i zaboravu, te za obra\u010denje onih koji siju podjele.<\/p>\n<p>U ovom molitvenom \u010dinu \u017eelimo se povjeriti zagovoru Marije, Kraljice mira, koja nas maj\u010dinskom ljubavlju prati i vodi k svome Sinu. Neka ovaj dan bude duhovni most zajedni\u0161tva medu nama, ali i most prema nebu, kojim molimo: &#8220;Gospodine, daruj nam mir!&#8221;<\/p>\n<p>Pozivam Vas da redovitim na\u010dinom komunikacije pozovete vjernike svojih \u017eupa na post i molitvu za mir u svijetu.<\/p>\n<p>Uz pozdrav i blagoslov u Gospodinu!<\/p>\n<p>Biskup Petar Pali\u0107<\/p>\n","protected":false},"excerpt":{"rendered":"<p>Draga bra\u0107o i sestre u Kristul Dok svijet dalje prolazi kroz tamne doline sukoba, mr\u017enje i nepravde, na\u0161 pogled upravljamo Onome koji jedini mo\u017ee darovati istinski mir, Kristu, Kralju mira. U Njegovu svjetlu i nadahnut poticajima Svetoga Oca, pape Lava &hellip; <a href=\"https:\/\/mandino-selo.com\/wp\/mons-petar-palic-ujedinimo-se-s-cijelom-crkvom-u-danu-posta-i-molitve-za-mir-u-petak-22-kolovoza-2025-na-blagdan-blazene-djevice-marije-kraljice\/\">pro\u010ditajte vi\u0161e<\/a><\/p>\n","protected":false},"author":31,"featured_media":161198,"comment_status":"open","ping_status":"open","sticky":false,"template":"","format":"standard","meta":{"ngg_post_thumbnail":0,"kt_blocks_editor_width":"","footnotes":""},"categories":[3],"tags":[],"_links":{"self":[{"href":"https:\/\/mandino-selo.com\/wp\/wp-json\/wp\/v2\/posts\/161197"}],"collection":[{"href":"https:\/\/mandino-selo.com\/wp\/wp-json\/wp\/v2\/posts"}],"about":[{"href":"https:\/\/mandino-selo.com\/wp\/wp-json\/wp\/v2\/types\/post"}],"author":[{"embeddable":true,"href":"https:\/\/mandino-selo.com\/wp\/wp-json\/wp\/v2\/users\/31"}],"replies":[{"embeddable":true,"href":"https:\/\/mandino-selo.com\/wp\/wp-json\/wp\/v2\/comments?post=161197"}],"version-history":[{"count":1,"href":"https:\/\/mandino-selo.com\/wp\/wp-json\/wp\/v2\/posts\/161197\/revisions"}],"predecessor-version":[{"id":161199,"href":"https:\/\/mandino-selo.com\/wp\/wp-json\/wp\/v2\/posts\/161197\/revisions\/161199"}],"wp:featuredmedia":[{"embeddable":true,"href":"https:\/\/mandino-selo.com\/wp\/wp-json\/wp\/v2\/media\/161198"}],"wp:attachment":[{"href":"https:\/\/mandino-selo.com\/wp\/wp-json\/wp\/v2\/media?parent=161197"}],"wp:term":[{"taxonomy":"category","embeddable":true,"href":"https:\/\/mandino-selo.com\/wp\/wp-json\/wp\/v2\/categories?post=161197"},{"taxonomy":"post_tag","embeddable":true,"href":"https:\/\/mandino-selo.com\/wp\/wp-json\/wp\/v2\/tags?post=161197"}],"curies":[{"name":"wp","href":"https:\/\/api.w.org\/{rel}","templated":true}]}}