{"id":154852,"date":"2025-04-11T05:41:40","date_gmt":"2025-04-11T03:41:40","guid":{"rendered":"https:\/\/mandino-selo.com\/wp\/?p=154852"},"modified":"2025-04-11T05:41:53","modified_gmt":"2025-04-11T03:41:53","slug":"najava-otvorenje-izlozbe-kralj-tomislav-kroz-prizmu-duvanjskih-umjetnika","status":"publish","type":"post","link":"https:\/\/mandino-selo.com\/wp\/najava-otvorenje-izlozbe-kralj-tomislav-kroz-prizmu-duvanjskih-umjetnika\/","title":{"rendered":"NAJAVA: Danas otvorenje izlo\u017ebe \u201cKralj Tomislav kroz prizmu duvanjskih umjetnika\u201d"},"content":{"rendered":"<p>S ponosom vas pozivamo na otvorenje izlo\u017ebe \u201cKralj Tomislav kroz prizmu duvanjskih umjetnika\u201d, koje \u0107e se odr\u017eati u petak, 11. srpnja u 19:00 sati u Gradskoj galeriji KIC-a.<\/p>\n<p>Na izlo\u017ebi \u0107e svoje vi\u0111enje lika i vremena prvog hrvatskog kralja predstaviti duvanjski umjetnici, svaki na svoj autenti\u010dan na\u010din.<\/p>\n<p>Ova izlo\u017eba je spoj povijesti i suvremene umjetnosti, prilika da se tradicija i identitet preto\u010de u boje, oblike i emocije.<\/p>\n<p>Do\u0111ite i zajedno s nama proslavite tisu\u0107ljetnu pri\u010du o kralju Tomislavu \u2013 kroz o\u010di i ruke na\u0161ih umjetnika!<\/p>\n<p>Vidimo se!<\/p>\n<p>Izvor: <a href=\"http:\/\/1100-hrvatsko-kraljevstvo.com\">1100-hrvatsko-kraljevstvo.com<\/a><strong><br \/>\n<\/strong><\/p>\n","protected":false},"excerpt":{"rendered":"<p>S ponosom vas pozivamo na otvorenje izlo\u017ebe \u201cKralj Tomislav kroz prizmu duvanjskih umjetnika\u201d, koje \u0107e se odr\u017eati u petak, 11. srpnja u 19:00 sati u Gradskoj galeriji KIC-a. Na izlo\u017ebi \u0107e svoje vi\u0111enje lika i vremena prvog hrvatskog kralja predstaviti &hellip; <a href=\"https:\/\/mandino-selo.com\/wp\/najava-otvorenje-izlozbe-kralj-tomislav-kroz-prizmu-duvanjskih-umjetnika\/\">pro\u010ditajte vi\u0161e<\/a><\/p>\n","protected":false},"author":31,"featured_media":154853,"comment_status":"open","ping_status":"open","sticky":false,"template":"","format":"standard","meta":{"ngg_post_thumbnail":0,"kt_blocks_editor_width":"","footnotes":""},"categories":[3],"tags":[],"_links":{"self":[{"href":"https:\/\/mandino-selo.com\/wp\/wp-json\/wp\/v2\/posts\/154852"}],"collection":[{"href":"https:\/\/mandino-selo.com\/wp\/wp-json\/wp\/v2\/posts"}],"about":[{"href":"https:\/\/mandino-selo.com\/wp\/wp-json\/wp\/v2\/types\/post"}],"author":[{"embeddable":true,"href":"https:\/\/mandino-selo.com\/wp\/wp-json\/wp\/v2\/users\/31"}],"replies":[{"embeddable":true,"href":"https:\/\/mandino-selo.com\/wp\/wp-json\/wp\/v2\/comments?post=154852"}],"version-history":[{"count":2,"href":"https:\/\/mandino-selo.com\/wp\/wp-json\/wp\/v2\/posts\/154852\/revisions"}],"predecessor-version":[{"id":155043,"href":"https:\/\/mandino-selo.com\/wp\/wp-json\/wp\/v2\/posts\/154852\/revisions\/155043"}],"wp:featuredmedia":[{"embeddable":true,"href":"https:\/\/mandino-selo.com\/wp\/wp-json\/wp\/v2\/media\/154853"}],"wp:attachment":[{"href":"https:\/\/mandino-selo.com\/wp\/wp-json\/wp\/v2\/media?parent=154852"}],"wp:term":[{"taxonomy":"category","embeddable":true,"href":"https:\/\/mandino-selo.com\/wp\/wp-json\/wp\/v2\/categories?post=154852"},{"taxonomy":"post_tag","embeddable":true,"href":"https:\/\/mandino-selo.com\/wp\/wp-json\/wp\/v2\/tags?post=154852"}],"curies":[{"name":"wp","href":"https:\/\/api.w.org\/{rel}","templated":true}]}}