{"id":154382,"date":"2025-03-25T17:00:23","date_gmt":"2025-03-25T15:00:23","guid":{"rendered":"https:\/\/mandino-selo.com\/wp\/?p=154382"},"modified":"2025-03-25T17:00:56","modified_gmt":"2025-03-25T15:00:56","slug":"vise-cvijeca-manje-smeca","status":"publish","type":"post","link":"https:\/\/mandino-selo.com\/wp\/vise-cvijeca-manje-smeca\/","title":{"rendered":"VI\u0160E CVIJE\u0106A, MANJE SME\u0106A!"},"content":{"rendered":"<p>Krenete li u \u0161etnju prema Bunarinama ili se uputite na molitvu kod zavjetne kapelice sv. Ante, u njenoj blizini zate\u0107i \u0107e vas nimalo ugodan prizor istovarenog sme\u0107a, koje netko odla\u017ee bez imalo gri\u017enje savjesti prema prirodi.<\/p>\n<p>Radujemo se prolje\u0107u a nagra\u0111ujemo prirodu oko nas.<\/p>\n<p>Nadamo se kako \u0107e ipak sve zavr\u0161iti nedovo\u017eenjem dodatnih koli\u010dina otpada i brzom sanacijom te uklanjanjem postoje\u0107eg otpada ovdje ali i na ulazu u nedaleke Bunarine gdje sli\u010dan otpad le\u017ei ve\u0107 nekoliko godina.<\/p>\n<p>Za kraj \u0107emo parafrazirati poznati slogan: Vi\u0161e cvije\u0107a, manje sme\u0107a! Neka bude tako.<\/p>\n\n\n<figure class=\"wp-block-gallery has-nested-images columns-1 is-cropped wp-block-gallery-1 is-layout-flex wp-block-gallery-is-layout-flex\">\n<figure class=\"wp-block-image size-large\"><img loading=\"lazy\" decoding=\"async\" width=\"768\" height=\"1024\" data-id=\"154384\" src=\"https:\/\/mandino-selo.com\/wp\/wp-content\/uploads\/2025\/03\/1000163369-768x1024.jpg\" alt=\"\" class=\"wp-image-154384\" srcset=\"https:\/\/mandino-selo.com\/wp\/wp-content\/uploads\/2025\/03\/1000163369-768x1024.jpg 768w, https:\/\/mandino-selo.com\/wp\/wp-content\/uploads\/2025\/03\/1000163369-263x350.jpg 263w, https:\/\/mandino-selo.com\/wp\/wp-content\/uploads\/2025\/03\/1000163369-1152x1536.jpg 1152w, https:\/\/mandino-selo.com\/wp\/wp-content\/uploads\/2025\/03\/1000163369.jpg 1200w\" sizes=\"(max-width: 768px) 100vw, 768px\" \/><\/figure>\n\n\n\n<figure class=\"wp-block-image size-large\"><img loading=\"lazy\" decoding=\"async\" width=\"768\" height=\"1024\" data-id=\"154385\" src=\"https:\/\/mandino-selo.com\/wp\/wp-content\/uploads\/2025\/03\/1000163363-768x1024.jpg\" alt=\"\" class=\"wp-image-154385\" srcset=\"https:\/\/mandino-selo.com\/wp\/wp-content\/uploads\/2025\/03\/1000163363-768x1024.jpg 768w, https:\/\/mandino-selo.com\/wp\/wp-content\/uploads\/2025\/03\/1000163363-263x350.jpg 263w, https:\/\/mandino-selo.com\/wp\/wp-content\/uploads\/2025\/03\/1000163363-1152x1536.jpg 1152w, https:\/\/mandino-selo.com\/wp\/wp-content\/uploads\/2025\/03\/1000163363.jpg 1200w\" sizes=\"(max-width: 768px) 100vw, 768px\" \/><\/figure>\n\n\n\n<figure class=\"wp-block-image size-large\"><img loading=\"lazy\" decoding=\"async\" width=\"768\" height=\"1024\" data-id=\"154386\" src=\"https:\/\/mandino-selo.com\/wp\/wp-content\/uploads\/2025\/03\/1000163366-768x1024.jpg\" alt=\"\" class=\"wp-image-154386\" srcset=\"https:\/\/mandino-selo.com\/wp\/wp-content\/uploads\/2025\/03\/1000163366-768x1024.jpg 768w, https:\/\/mandino-selo.com\/wp\/wp-content\/uploads\/2025\/03\/1000163366-263x350.jpg 263w, https:\/\/mandino-selo.com\/wp\/wp-content\/uploads\/2025\/03\/1000163366-1152x1536.jpg 1152w, https:\/\/mandino-selo.com\/wp\/wp-content\/uploads\/2025\/03\/1000163366.jpg 1200w\" sizes=\"(max-width: 768px) 100vw, 768px\" \/><\/figure>\n<\/figure>\n","protected":false},"excerpt":{"rendered":"<p>Krenete li u \u0161etnju prema Bunarinama ili se uputite na molitvu kod zavjetne kapelice sv. Ante, u njenoj blizini zate\u0107i \u0107e vas nimalo ugodan prizor istovarenog sme\u0107a, koje netko odla\u017ee bez imalo gri\u017enje savjesti prema prirodi. Radujemo se prolje\u0107u a &hellip; <a href=\"https:\/\/mandino-selo.com\/wp\/vise-cvijeca-manje-smeca\/\">pro\u010ditajte vi\u0161e<\/a><\/p>\n","protected":false},"author":31,"featured_media":154383,"comment_status":"open","ping_status":"open","sticky":false,"template":"","format":"standard","meta":{"ngg_post_thumbnail":0,"kt_blocks_editor_width":"","footnotes":""},"categories":[3],"tags":[],"_links":{"self":[{"href":"https:\/\/mandino-selo.com\/wp\/wp-json\/wp\/v2\/posts\/154382"}],"collection":[{"href":"https:\/\/mandino-selo.com\/wp\/wp-json\/wp\/v2\/posts"}],"about":[{"href":"https:\/\/mandino-selo.com\/wp\/wp-json\/wp\/v2\/types\/post"}],"author":[{"embeddable":true,"href":"https:\/\/mandino-selo.com\/wp\/wp-json\/wp\/v2\/users\/31"}],"replies":[{"embeddable":true,"href":"https:\/\/mandino-selo.com\/wp\/wp-json\/wp\/v2\/comments?post=154382"}],"version-history":[{"count":2,"href":"https:\/\/mandino-selo.com\/wp\/wp-json\/wp\/v2\/posts\/154382\/revisions"}],"predecessor-version":[{"id":154388,"href":"https:\/\/mandino-selo.com\/wp\/wp-json\/wp\/v2\/posts\/154382\/revisions\/154388"}],"wp:featuredmedia":[{"embeddable":true,"href":"https:\/\/mandino-selo.com\/wp\/wp-json\/wp\/v2\/media\/154383"}],"wp:attachment":[{"href":"https:\/\/mandino-selo.com\/wp\/wp-json\/wp\/v2\/media?parent=154382"}],"wp:term":[{"taxonomy":"category","embeddable":true,"href":"https:\/\/mandino-selo.com\/wp\/wp-json\/wp\/v2\/categories?post=154382"},{"taxonomy":"post_tag","embeddable":true,"href":"https:\/\/mandino-selo.com\/wp\/wp-json\/wp\/v2\/tags?post=154382"}],"curies":[{"name":"wp","href":"https:\/\/api.w.org\/{rel}","templated":true}]}}