{"id":154310,"date":"2025-03-23T20:44:00","date_gmt":"2025-03-23T18:44:00","guid":{"rendered":"https:\/\/mandino-selo.com\/wp\/?p=154310"},"modified":"2025-03-24T20:51:48","modified_gmt":"2025-03-24T18:51:48","slug":"slavko-sumanovic-zavrsio-zimski-challenge","status":"publish","type":"post","link":"https:\/\/mandino-selo.com\/wp\/slavko-sumanovic-zavrsio-zimski-challenge\/","title":{"rendered":"SLAVKO \u0160UMANOVI\u0106 ZAVR\u0160IO ZIMSKI CHALLENGE!"},"content":{"rendered":"<p class=\"\" data-start=\"51\" data-end=\"402\"><strong>\u010clan PD Orlova stina iz Tomislavgrada i Hrvatskog planinarskog dru\u0161tva Prenj 1933 Mostar<\/strong>,\u00a0<strong>Slavko \u0160umanovi\u0107,<\/strong>\u00a0ostvario je ove subote izuzetan uspjeh osvajaju\u0107i presti\u017eni\u00a0<em data-start=\"156\" data-end=\"179\"><strong>Zimski Challenge, <\/strong><\/em><strong>pi\u0161e <\/strong><em data-start=\"156\" data-end=\"179\"><strong><a href=\"http:\/\/Tomislavcity\" data-wplink-url-error=\"true\">Tomislavcity<\/a><\/strong><\/em><\/p>\n<p class=\"\" data-start=\"51\" data-end=\"402\">Usponom na<strong>\u00a0Zelenu glavu<\/strong>\u00a0\u2013 najvi\u0161i vrh Prenja, Slavko se pridru\u017eio eliti planinara koji su uspjeli svladati izazov u zimskim uvjetima. Ovaj izazov podrazumijeva penjanje na 78 vrhova iznad 2.000 metara nadmorske visine, raspore\u0111enih na 12 planina u Bosni i Hercegovini.<\/p>\n<div class=\"wp-video\"><span class=\"mejs-offscreen\">Reproduktor videozapisa<\/span>\n<p>\u00a0<\/p>\n<div id=\"mep_0\" class=\"mejs-container wp-video-shortcode mejs-android mejs-video mejs-container-keyboard-inactive\" tabindex=\"0\" role=\"application\" aria-label=\"Reproduktor videozapisa\">\n<div class=\"mejs-inner\">\n<div class=\"mejs-mediaelement\"><video id=\"video-237607-1_html5\" class=\"wp-video-shortcode\" src=\"https:\/\/cdn.tomislavcity.com\/wp-content\/uploads\/2025\/03\/WhatsApp-Video-2025-03-23-at-16.26.33.mp4?x53932\" preload=\"metadata\" width=\"696\" height=\"392\" data-mce-fragment=\"1\"><\/video><\/div>\n<div class=\"mejs-layers\">\n<div class=\"mejs-overlay mejs-layer mejs-overlay-play\">\n<div class=\"mejs-overlay-button\" tabindex=\"0\" role=\"button\" aria-label=\"Pokreni\" aria-pressed=\"true\">\u00a0<\/div>\n<\/div>\n<\/div>\n<div class=\"mejs-controls\">\n<div class=\"mejs-button mejs-playpause-button mejs-replay\">\u00a0<\/div>\n<div class=\"mejs-time mejs-currenttime-container\" role=\"timer\" aria-live=\"off\"><span class=\"mejs-currenttime\">00:00<\/span><\/div>\n<div class=\"mejs-time-rail\">\u00a0<\/div>\n<div class=\"mejs-time mejs-duration-container\"><span class=\"mejs-duration\">00:24<\/span><\/div>\n<div class=\"mejs-button mejs-fullscreen-button\">\u00a0<\/div>\n<\/div>\n<\/div>\n<\/div>\n<\/div>\n<p class=\"\" data-start=\"404\" data-end=\"612\">Iako su mnogi sanjali o ovom podvigu, Slavko je tek drugi duvanjski planinar koji je ostvario ovaj poduhvat.<\/p>\n<div class=\"td-g-rec td-g-rec-id-content_inlineright tdi_6 td_block_template_11 \"><ins class=\"adsbygoogle\" data-ad-client=\"ca-pub-1971995781989280\" data-ad-slot=\"8075118567\" data-adsbygoogle-status=\"done\" data-auto-ad-size=\"true\" data-ad-status=\"filled\" data-overlap-observer-io=\"false\">\n<p>\u00a0<\/p>\n<div id=\"aswift_8_host\"><iframe loading=\"lazy\" id=\"aswift_8\" tabindex=\"0\" title=\"Advertisement\" src=\"https:\/\/googleads.g.doubleclick.net\/pagead\/ads?gdpr=1&amp;gdpr_consent=CQMQEYAQMQEYAEsACBHRBbFoAP_gAEPgAAIAINJD7C7FbSFCwH5zaLsAMAhHRsAAQoQAAASBAmABQAKQIAQCgkAYFASgBAACAAAAICRBIQIECAAAAUAAQAAAAAAEAAAAAAAIIAAAgAEAAAAIAAACAIAAEAAIAAAAEAAAmAgAAIIACAAAgAAAAAAAAAAAAAAAAgCAAAAAAAAAAAAAAAAAAQOhSD2F2K2kKFkPCmwXYAYBCujYAAhQgAAAkCBMACgAUgQAgFJIAgCIFAAAAAAAAAQEiCQAAQABAAAIACgAAAAAAIAAAAAAAQQAABAAIAAAAAAAAEAQAAIAAQAAAAIAABEhAAAQQAEAAAAAAAQAAAAAAAAAAABAAA&amp;addtl_consent=2~70.89.93.108.122.149.196.236.259.311.313.323.358.415.442.486.494.495.540.574.609.864.981.1029.1048.1051.1095.1097.1126.1205.1276.1301.1365.1415.1449.1514.1570.1577.1598.1651.1716.1735.1753.1765.1870.1878.1889.1958.1960.2072.2253.2299.2373.2415.2506.2526.2531.2568.2571.2575.2624.2677.2778~dv.&amp;client=ca-pub-1971995781989280&amp;output=html&amp;h=300&amp;slotname=8075118567&amp;adk=2197302372&amp;adf=81564165&amp;pi=t.ma~as.8075118567&amp;w=360&amp;abgtt=9&amp;lmt=1742762311&amp;rafmt=1&amp;armr=1&amp;format=360x300&amp;url=https%3A%2F%2Ftomislavcity.com%2Fslavko-sumanovic-osvoji-zimski-challenge-prenj-foto-video&amp;host=ca-host-pub-2644536267352236&amp;fwr=1&amp;rs=1&amp;rh=250&amp;rw=300&amp;rpe=1&amp;resp_fmts=3&amp;sfro=1&amp;wgl=1&amp;uach=WyJBbmRyb2lkIiwiMTQuMC4wIiwiIiwiU00tQTE1NUYiLCIxMzQuMC42OTk4LjEwOSIsbnVsbCwxLG51bGwsIiIsW1siQ2hyb21pdW0iLCIxMzQuMC42OTk4LjEwOSJdLFsiTm90OkEtQnJhbmQiLCIyNC4wLjAuMCJdLFsiR29vZ2xlIENocm9tZSIsIjEzNC4wLjY5OTguMTA5Il1dLDBd&amp;dt=1742762340915&amp;bpp=5&amp;bdt=5644&amp;idt=5&amp;shv=r20250319&amp;mjsv=m202503190101&amp;ptt=9&amp;saldr=aa&amp;abxe=1&amp;cookie=ID%3D145320b567f825b6%3AT%3D1730387330%3ART%3D1742762337%3AS%3DALNI_MZxKAggGPDp_4QD7rtPizbOeXfxXw&amp;gpic=UID%3D00000f1df3b2ae35%3AT%3D1730387330%3ART%3D1742762337%3AS%3DALNI_MZmtAtJF0_IPThIFryZJUR_ITrf7Q&amp;eo_id_str=ID%3Da5091d890fa2baec%3AT%3D1730387330%3ART%3D1742762337%3AS%3DAA-Afjb14go0G2rzTnIQz8PG-w_g&amp;prev_fmts=0x0%2C360x300%2C360x649%2C360x90%2C360x788&amp;nras=5&amp;correlator=3048388897889&amp;frm=20&amp;pv=1&amp;u_tz=60&amp;u_his=2&amp;u_h=780&amp;u_w=360&amp;u_ah=780&amp;u_aw=360&amp;u_cd=24&amp;u_sd=3&amp;dmc=4&amp;adx=0&amp;ady=1658&amp;biw=360&amp;bih=649&amp;scr_x=0&amp;scr_y=571&amp;eid=95355340%2C95333411%2C31091146%2C31088249&amp;oid=2&amp;psts=AOrYGslERZ6oqPxTk0plWuzrr4ZQf-Cg9HuMG3H12ZBjLhhl0ZPIIH4HdXUlMzr1xb6g4XN-91rKid6kQGS_vfBtLz4SiSA%2CAOrYGslA5TDSWN1ClpOoYaS9GH9UWlOoV-up78de9qkSTNZkLml7pg7uqCWggvJD21Hy2wAdWHgJ9MaEftx2s87HkwqVuUXWbtx5Oj3Uv3EkYaSK6GK_5A&amp;pvsid=2395682494340690&amp;tmod=1428158077&amp;uas=3&amp;nvt=1&amp;ref=https%3A%2F%2Ftomislavcity.com%2F&amp;fc=1920&amp;brdim=0%2C0%2C0%2C0%2C360%2C0%2C360%2C650%2C360%2C649&amp;vis=1&amp;rsz=%7C%7CoeEbr%7C&amp;abl=CS&amp;pfx=0&amp;fu=128&amp;bc=31&amp;bz=1&amp;td=1&amp;tdf=2&amp;psd=W251bGwsbnVsbCxudWxsLDNd&amp;nt=1&amp;pgls=CAEaBTYuMS43~CAEQBBoHMS4xNDguMA..&amp;ifi=9&amp;uci=a!9&amp;btvi=4&amp;fsb=1&amp;dtd=16\" name=\"aswift_8\" width=\"360\" height=\"188\" frameborder=\"0\" marginwidth=\"0\" marginheight=\"0\" scrolling=\"no\" sandbox=\"allow-forms allow-popups allow-popups-to-escape-sandbox allow-same-origin allow-scripts allow-top-navigation-by-user-activation\" data-google-container-id=\"a!9\" aria-label=\"Advertisement\" data-google-query-id=\"CP-ap9KHoYwDFa1MkQUdLKgTxg\" data-load-complete=\"true\" data-mce-fragment=\"1\"><\/iframe><\/div>\n<p>\u00a0<\/p>\n<p>\u00a0<\/p>\n<\/ins><\/div>\n<p data-start=\"404\" data-end=\"612\">\u00a0<\/p>\n<p class=\"\" data-start=\"614\" data-end=\"899\">Zimski challenge postavljen je prije 6-7 godina godinea a prvi koji je svladao ovaj izazov, prije tri godine, bio je tako\u0111er na\u0161 Duvnjak \u2013 <strong>Ilija Babi\u0107\u00a0<\/strong>iz Prisoja, tako\u0111er \u010dlan HPD Prenj 1933 Mostar. Prva \u017eena koja je to napravila je<strong>\u00a0Amra \u0160karo<\/strong>\u00a0iz sarajevskog PK Nomadi.<\/p>\n<p class=\"\" data-start=\"614\" data-end=\"899\">Podsjetimo, Ilija je zavr\u0161io i ljetni i zimski Challenge i tada je postavio temelje za daljnje planinarske poduhvate.<\/p>\n<p class=\"\" data-start=\"614\" data-end=\"899\">Ilija i Slavko su zajedno penjali dosta vrhova i chellenga, veliki su prijatelji pa je Ilija i ju\u010der bio velika Slavkova podr\u0161ka pri usponu na Prenj.<\/p>\n<figure id=\"attachment_237629\" class=\"wp-caption alignnone\" aria-describedby=\"caption-attachment-237629\"><img loading=\"lazy\" decoding=\"async\" class=\"wp-image-237629 size-full\" src=\"https:\/\/cdn.tomislavcity.com\/wp-content\/uploads\/2025\/03\/Prenj-9.jpg?x53932\" sizes=\"(max-width: 1024px) 100vw, 1024px\" srcset=\"https:\/\/cdn.tomislavcity.com\/wp-content\/uploads\/2025\/03\/Prenj-9.jpg?x53932 1024w, https:\/\/cdn.tomislavcity.com\/wp-content\/uploads\/2025\/03\/Prenj-9-300x169.jpg?x53932 300w, https:\/\/cdn.tomislavcity.com\/wp-content\/uploads\/2025\/03\/Prenj-9-768x432.jpg?x53932 768w, https:\/\/cdn.tomislavcity.com\/wp-content\/uploads\/2025\/03\/Prenj-9-696x392.jpg?x53932 696w, https:\/\/cdn.tomislavcity.com\/wp-content\/uploads\/2025\/03\/Prenj-9-747x420.jpg?x53932 747w\" alt=\"\" width=\"1024\" height=\"576\" \/>\n<figcaption id=\"caption-attachment-237629\" class=\"wp-caption-text\">Foto: Ilija Babi\u0107<\/figcaption>\n<\/figure>\n<p data-start=\"614\" data-end=\"899\">Prema na\u0161im informacijama ovaj uspon u zimskim uvjetima zavr\u0161ilo je tek devet planinara, a ljetni je zavr\u0161ilo oko 100 ljudi.<\/p>\n<p class=\"\" data-start=\"901\" data-end=\"1147\">\u010cestitamo!<\/p>\n<p data-start=\"901\" data-end=\"1147\"><strong>Izvor: <a href=\"http:\/\/Tomislavcity\" data-wplink-url-error=\"true\">Tomislavcity<\/a><\/strong><\/p>\n\n\n<figure class=\"wp-block-gallery has-nested-images columns-1 is-cropped wp-block-gallery-1 is-layout-flex wp-block-gallery-is-layout-flex\">\n<figure class=\"wp-block-image size-large\"><img loading=\"lazy\" decoding=\"async\" width=\"1024\" height=\"576\" data-id=\"154313\" src=\"https:\/\/mandino-selo.com\/wp\/wp-content\/uploads\/2025\/03\/1000162824.jpg\" alt=\"\" class=\"wp-image-154313\" srcset=\"https:\/\/mandino-selo.com\/wp\/wp-content\/uploads\/2025\/03\/1000162824.jpg 1024w, https:\/\/mandino-selo.com\/wp\/wp-content\/uploads\/2025\/03\/1000162824-350x197.jpg 350w, https:\/\/mandino-selo.com\/wp\/wp-content\/uploads\/2025\/03\/1000162824-768x432.jpg 768w\" sizes=\"(max-width: 1024px) 100vw, 1024px\" \/><\/figure>\n\n\n\n<figure class=\"wp-block-image size-large\"><img loading=\"lazy\" decoding=\"async\" width=\"1024\" height=\"576\" data-id=\"154312\" src=\"https:\/\/mandino-selo.com\/wp\/wp-content\/uploads\/2025\/03\/1000162823.jpg\" alt=\"\" class=\"wp-image-154312\" srcset=\"https:\/\/mandino-selo.com\/wp\/wp-content\/uploads\/2025\/03\/1000162823.jpg 1024w, https:\/\/mandino-selo.com\/wp\/wp-content\/uploads\/2025\/03\/1000162823-350x197.jpg 350w, https:\/\/mandino-selo.com\/wp\/wp-content\/uploads\/2025\/03\/1000162823-768x432.jpg 768w\" sizes=\"(max-width: 1024px) 100vw, 1024px\" \/><\/figure>\n<\/figure>\n","protected":false},"excerpt":{"rendered":"<p>\u010clan PD Orlova stina iz Tomislavgrada i Hrvatskog planinarskog dru\u0161tva Prenj 1933 Mostar,\u00a0Slavko \u0160umanovi\u0107,\u00a0ostvario je ove subote izuzetan uspjeh osvajaju\u0107i presti\u017eni\u00a0Zimski Challenge, pi\u0161e Tomislavcity Usponom na\u00a0Zelenu glavu\u00a0\u2013 najvi\u0161i vrh Prenja, Slavko se pridru\u017eio eliti planinara koji su uspjeli svladati izazov &hellip; <a href=\"https:\/\/mandino-selo.com\/wp\/slavko-sumanovic-zavrsio-zimski-challenge\/\">pro\u010ditajte vi\u0161e<\/a><\/p>\n","protected":false},"author":31,"featured_media":154311,"comment_status":"open","ping_status":"open","sticky":false,"template":"","format":"standard","meta":{"ngg_post_thumbnail":0,"kt_blocks_editor_width":"","footnotes":""},"categories":[3],"tags":[],"_links":{"self":[{"href":"https:\/\/mandino-selo.com\/wp\/wp-json\/wp\/v2\/posts\/154310"}],"collection":[{"href":"https:\/\/mandino-selo.com\/wp\/wp-json\/wp\/v2\/posts"}],"about":[{"href":"https:\/\/mandino-selo.com\/wp\/wp-json\/wp\/v2\/types\/post"}],"author":[{"embeddable":true,"href":"https:\/\/mandino-selo.com\/wp\/wp-json\/wp\/v2\/users\/31"}],"replies":[{"embeddable":true,"href":"https:\/\/mandino-selo.com\/wp\/wp-json\/wp\/v2\/comments?post=154310"}],"version-history":[{"count":8,"href":"https:\/\/mandino-selo.com\/wp\/wp-json\/wp\/v2\/posts\/154310\/revisions"}],"predecessor-version":[{"id":154345,"href":"https:\/\/mandino-selo.com\/wp\/wp-json\/wp\/v2\/posts\/154310\/revisions\/154345"}],"wp:featuredmedia":[{"embeddable":true,"href":"https:\/\/mandino-selo.com\/wp\/wp-json\/wp\/v2\/media\/154311"}],"wp:attachment":[{"href":"https:\/\/mandino-selo.com\/wp\/wp-json\/wp\/v2\/media?parent=154310"}],"wp:term":[{"taxonomy":"category","embeddable":true,"href":"https:\/\/mandino-selo.com\/wp\/wp-json\/wp\/v2\/categories?post=154310"},{"taxonomy":"post_tag","embeddable":true,"href":"https:\/\/mandino-selo.com\/wp\/wp-json\/wp\/v2\/tags?post=154310"}],"curies":[{"name":"wp","href":"https:\/\/api.w.org\/{rel}","templated":true}]}}