{"id":153879,"date":"2025-03-04T23:25:50","date_gmt":"2025-03-04T21:25:50","guid":{"rendered":"https:\/\/mandino-selo.com\/wp\/?p=153879"},"modified":"2025-03-04T23:31:41","modified_gmt":"2025-03-04T21:31:41","slug":"obavijest-iz-sluzbe-za-pitanja-branitelja-i-zajednicke-poslove","status":"publish","type":"post","link":"https:\/\/mandino-selo.com\/wp\/obavijest-iz-sluzbe-za-pitanja-branitelja-i-zajednicke-poslove\/","title":{"rendered":"OBAVIJEST IZ SLU\u017dBE ZA PITANJA BRANITELJA I ZAJEDNI\u010cKE POSLOVE"},"content":{"rendered":"<p>Pozivaju se obitelji poginulih branitelja koji primaju obiteljsku invalidninu, ratni vojni invalidi koji su korisnici osobne invalidnine i korisnici nov\u010danog dodatka po osnovu ratnog odli\u010dja da se do 31. o\u017eujka 2025. godine jave u Slu\u017ebu za pitanja branitelja Op\u0107ine Tomislavgrad, uredi broj 7 i 8 kako bi popunili potvrdu o \u017eivotu u vezi s nastavkom ostvarivanja svojih prava.<\/p>\n<p>Prilikom javljanja, potrebno je imati va\u017ee\u0107u osobnu iskaznicu.<\/p>\n<p><strong>Op\u0107ina Tomislavgrad&nbsp;<\/strong><\/p>\n","protected":false},"excerpt":{"rendered":"<p>Pozivaju se obitelji poginulih branitelja koji primaju obiteljsku invalidninu, ratni vojni invalidi koji su korisnici osobne invalidnine i korisnici nov\u010danog dodatka po osnovu ratnog odli\u010dja da se do 31. o\u017eujka 2025. godine jave u Slu\u017ebu za pitanja branitelja Op\u0107ine Tomislavgrad, &hellip; <a href=\"https:\/\/mandino-selo.com\/wp\/obavijest-iz-sluzbe-za-pitanja-branitelja-i-zajednicke-poslove\/\">pro\u010ditajte vi\u0161e<\/a><\/p>\n","protected":false},"author":31,"featured_media":153881,"comment_status":"open","ping_status":"open","sticky":false,"template":"","format":"standard","meta":{"ngg_post_thumbnail":0,"kt_blocks_editor_width":"","footnotes":""},"categories":[3],"tags":[],"_links":{"self":[{"href":"https:\/\/mandino-selo.com\/wp\/wp-json\/wp\/v2\/posts\/153879"}],"collection":[{"href":"https:\/\/mandino-selo.com\/wp\/wp-json\/wp\/v2\/posts"}],"about":[{"href":"https:\/\/mandino-selo.com\/wp\/wp-json\/wp\/v2\/types\/post"}],"author":[{"embeddable":true,"href":"https:\/\/mandino-selo.com\/wp\/wp-json\/wp\/v2\/users\/31"}],"replies":[{"embeddable":true,"href":"https:\/\/mandino-selo.com\/wp\/wp-json\/wp\/v2\/comments?post=153879"}],"version-history":[{"count":2,"href":"https:\/\/mandino-selo.com\/wp\/wp-json\/wp\/v2\/posts\/153879\/revisions"}],"predecessor-version":[{"id":153882,"href":"https:\/\/mandino-selo.com\/wp\/wp-json\/wp\/v2\/posts\/153879\/revisions\/153882"}],"wp:featuredmedia":[{"embeddable":true,"href":"https:\/\/mandino-selo.com\/wp\/wp-json\/wp\/v2\/media\/153881"}],"wp:attachment":[{"href":"https:\/\/mandino-selo.com\/wp\/wp-json\/wp\/v2\/media?parent=153879"}],"wp:term":[{"taxonomy":"category","embeddable":true,"href":"https:\/\/mandino-selo.com\/wp\/wp-json\/wp\/v2\/categories?post=153879"},{"taxonomy":"post_tag","embeddable":true,"href":"https:\/\/mandino-selo.com\/wp\/wp-json\/wp\/v2\/tags?post=153879"}],"curies":[{"name":"wp","href":"https:\/\/api.w.org\/{rel}","templated":true}]}}