{"id":146490,"date":"2024-07-22T10:56:14","date_gmt":"2024-07-22T08:56:14","guid":{"rendered":"https:\/\/mandino-selo.com\/wp\/?p=146490"},"modified":"2024-07-22T10:57:01","modified_gmt":"2024-07-22T08:57:01","slug":"proslava-ilindana-u-zupi-dreznica","status":"publish","type":"post","link":"https:\/\/mandino-selo.com\/wp\/proslava-ilindana-u-zupi-dreznica\/","title":{"rendered":"PROSLAVA ILINDANA U \u017dUPI DRE\u017dNICA"},"content":{"rendered":"<p>\u017dupna zajednica u Dre\u017enici je na spomendan sv. Ilije Proroka sve\u010dano proslavila svoga nebeskoga suza\u0161titnika proroka Iliju. Okupio se veliki broj hodo\u010dasnika i odseljenih \u017eupljana ove drevne \u017eupe, osnovane 1870. godine. Sveto misno slavlje je predslavio \u017eupni upravitelj don Drago \u0106urkovi\u0107, u zajedni\u0161tvu sa suslaviteljem don Rajkom Markovi\u0107em, \u017eupnikom susjedne bijelopoljske \u017eupe. Slavlju je nazo\u010dio i bogoslov Tomislav \u010carapina, koji je podrijetlom iz \u017eupe Dre\u017enica, mjesto Vrdi. U prigodnoj homiliji, don Drago je nadahnuto govorio o proroku Iliju, koji je u te\u0161ko vrijeme bezbo\u0161tva i idolopoklonstva neustra\u0161ivo branio i svjedo\u010dio vjeru u pravoga Boga, Gospodina nad Vojskama. Prorok Ilija, dosljedan Bo\u017ejemu pozivu i poslanju nam je veliki zagovornik i poticaj i danas i u svim vremenima da gorljivo \u017eivimo svoje kr\u0161\u0107ansko poslanje i poziv, brane\u0107i i \u0161tite\u0107i kr\u0161\u0107ansku vjeru kroz autenti\u010dno kr\u0161\u0107ansko \u017eivljenje naglasio je don Drago. Na zavr\u0161etku misnoga slavlja, doma\u0107in don Drago se zahvalio okupljenom vjerni\u010dkom puku na dolasku na proslavu te ih potaknuo da goljivo poput proroka Ilije prianjaju uz Gospodina i po njegovu uzoru i zagovoru \u010duvaju s ljubavlju, ponosno i radosno svoje vjerni\u010dke korijene u rodnoj \u017eupi Dre\u017enica, koja trenutno broji \u0161estedesetak stalno nastanjenih \u017eupljana. Nakon misnoga slavlja, uslijedilo je bratsko dru\u017eenje uz domjenak, razgovor i pu\u010dko veselje.<\/p>\n<p><strong>don Drago \u0106urkovi\u0107&nbsp;<\/strong><\/p>\n\n\n<figure class=\"wp-block-gallery has-nested-images columns-1 is-cropped wp-block-gallery-1 is-layout-flex wp-block-gallery-is-layout-flex\">\n<figure class=\"wp-block-image size-large\"><img loading=\"lazy\" decoding=\"async\" width=\"720\" height=\"405\" data-id=\"146493\" src=\"https:\/\/mandino-selo.com\/wp\/wp-content\/uploads\/2024\/07\/IMG-20240722-WA0021.jpg\" alt=\"\" class=\"wp-image-146493\" srcset=\"https:\/\/mandino-selo.com\/wp\/wp-content\/uploads\/2024\/07\/IMG-20240722-WA0021.jpg 720w, https:\/\/mandino-selo.com\/wp\/wp-content\/uploads\/2024\/07\/IMG-20240722-WA0021-350x197.jpg 350w\" sizes=\"(max-width: 720px) 100vw, 720px\" \/><\/figure>\n\n\n\n<figure class=\"wp-block-image size-large\"><img loading=\"lazy\" decoding=\"async\" width=\"720\" height=\"405\" data-id=\"146494\" src=\"https:\/\/mandino-selo.com\/wp\/wp-content\/uploads\/2024\/07\/IMG-20240722-WA0020.jpg\" alt=\"\" class=\"wp-image-146494\" srcset=\"https:\/\/mandino-selo.com\/wp\/wp-content\/uploads\/2024\/07\/IMG-20240722-WA0020.jpg 720w, https:\/\/mandino-selo.com\/wp\/wp-content\/uploads\/2024\/07\/IMG-20240722-WA0020-350x197.jpg 350w\" sizes=\"(max-width: 720px) 100vw, 720px\" \/><\/figure>\n\n\n\n<figure class=\"wp-block-image size-large\"><img loading=\"lazy\" decoding=\"async\" width=\"720\" height=\"405\" data-id=\"146495\" src=\"https:\/\/mandino-selo.com\/wp\/wp-content\/uploads\/2024\/07\/IMG-20240722-WA0019.jpg\" alt=\"\" class=\"wp-image-146495\" srcset=\"https:\/\/mandino-selo.com\/wp\/wp-content\/uploads\/2024\/07\/IMG-20240722-WA0019.jpg 720w, https:\/\/mandino-selo.com\/wp\/wp-content\/uploads\/2024\/07\/IMG-20240722-WA0019-350x197.jpg 350w\" sizes=\"(max-width: 720px) 100vw, 720px\" \/><\/figure>\n\n\n\n<figure class=\"wp-block-image size-large\"><img loading=\"lazy\" decoding=\"async\" width=\"720\" height=\"405\" data-id=\"146496\" src=\"https:\/\/mandino-selo.com\/wp\/wp-content\/uploads\/2024\/07\/IMG-20240722-WA0018.jpg\" alt=\"\" class=\"wp-image-146496\" srcset=\"https:\/\/mandino-selo.com\/wp\/wp-content\/uploads\/2024\/07\/IMG-20240722-WA0018.jpg 720w, https:\/\/mandino-selo.com\/wp\/wp-content\/uploads\/2024\/07\/IMG-20240722-WA0018-350x197.jpg 350w\" sizes=\"(max-width: 720px) 100vw, 720px\" \/><\/figure>\n<\/figure>\n","protected":false},"excerpt":{"rendered":"<p>\u017dupna zajednica u Dre\u017enici je na spomendan sv. Ilije Proroka sve\u010dano proslavila svoga nebeskoga suza\u0161titnika proroka Iliju. Okupio se veliki broj hodo\u010dasnika i odseljenih \u017eupljana ove drevne \u017eupe, osnovane 1870. godine. Sveto misno slavlje je predslavio \u017eupni upravitelj don Drago &hellip; <a href=\"https:\/\/mandino-selo.com\/wp\/proslava-ilindana-u-zupi-dreznica\/\">pro\u010ditajte vi\u0161e<\/a><\/p>\n","protected":false},"author":31,"featured_media":146491,"comment_status":"open","ping_status":"open","sticky":false,"template":"","format":"standard","meta":{"ngg_post_thumbnail":0,"kt_blocks_editor_width":"","footnotes":""},"categories":[3],"tags":[],"_links":{"self":[{"href":"https:\/\/mandino-selo.com\/wp\/wp-json\/wp\/v2\/posts\/146490"}],"collection":[{"href":"https:\/\/mandino-selo.com\/wp\/wp-json\/wp\/v2\/posts"}],"about":[{"href":"https:\/\/mandino-selo.com\/wp\/wp-json\/wp\/v2\/types\/post"}],"author":[{"embeddable":true,"href":"https:\/\/mandino-selo.com\/wp\/wp-json\/wp\/v2\/users\/31"}],"replies":[{"embeddable":true,"href":"https:\/\/mandino-selo.com\/wp\/wp-json\/wp\/v2\/comments?post=146490"}],"version-history":[{"count":2,"href":"https:\/\/mandino-selo.com\/wp\/wp-json\/wp\/v2\/posts\/146490\/revisions"}],"predecessor-version":[{"id":146497,"href":"https:\/\/mandino-selo.com\/wp\/wp-json\/wp\/v2\/posts\/146490\/revisions\/146497"}],"wp:featuredmedia":[{"embeddable":true,"href":"https:\/\/mandino-selo.com\/wp\/wp-json\/wp\/v2\/media\/146491"}],"wp:attachment":[{"href":"https:\/\/mandino-selo.com\/wp\/wp-json\/wp\/v2\/media?parent=146490"}],"wp:term":[{"taxonomy":"category","embeddable":true,"href":"https:\/\/mandino-selo.com\/wp\/wp-json\/wp\/v2\/categories?post=146490"},{"taxonomy":"post_tag","embeddable":true,"href":"https:\/\/mandino-selo.com\/wp\/wp-json\/wp\/v2\/tags?post=146490"}],"curies":[{"name":"wp","href":"https:\/\/api.w.org\/{rel}","templated":true}]}}