{"id":145976,"date":"2024-07-07T23:31:52","date_gmt":"2024-07-07T21:31:52","guid":{"rendered":"https:\/\/mandino-selo.com\/wp\/?p=145976"},"modified":"2024-07-08T23:38:23","modified_gmt":"2024-07-08T21:38:23","slug":"nedorest-pupavac","status":"publish","type":"post","link":"https:\/\/mandino-selo.com\/wp\/nedorest-pupavac\/","title":{"rendered":"NEDOREST\u00a0PUPAVAC"},"content":{"rendered":"<p>\u0160tioci moji, jo\u0161 uvik mi iz pameti ne izlazi ono \u0161to je 6. svibnja 2024. godine reko ri\u0161\u0107anin nemilorad Pupavac. A reko je da \u0107e njegov \u010detni\u010dki SDS odlu\u010divati ko \u0107e bit a ko ne\u0107e bit u na\u0161oj rvackoj Vladi. I evo, to se ovih dana donekle i obistinilo. Razjedinjeni Domovinski pokret nije mogo sprije\u010diti da on postane presjednik saborskog Odbora za ljudska prava i nacionalne manjine. Da nam \u010detnik Pupavac \u0161titi ljudska prava? Da vuk \u010duva janjce? Samo mi Rvati mo\u017eemo takvu budala\u0161\u0107inu dopustiti.<\/p>\n<p>Od 1994. do danas piso sam u nekoliko navrata o Pupavcu i njegovim Vlahosrbima, Vlasima koje je, zbog njihova pravoslavlja, Srpska pravoslavna crkva prozvala Srbima. Takvi su skoro svi dana\u0161nji tzv. Srbi na podru\u010dju Rvacke, Bosne i Ercegovine. \u010cak sam 2010. objavio i knjigu pod naslovom <em>Srbi u Hrvata, <\/em>u kojoj sam puno toga napiso o njima ju\u010der danas i sutra. Ali ovo nisam do danas napiso: Nemilorada Pupavca, vlahosrpskog vo\u017eda, izmislio je i stvorio na\u0161 Franjo Tu\u0111man, nakon \u0161to mu je propala akcija tra\u017eenja srpskog vo\u0111e s \u0110uki\u0107em i na po\u010detku devedesetih s Ra\u0161kovi\u0107em. Tu\u0111man im je pridavao ve\u0107u va\u017enost nego im pripada, kao i svojim biv\u0161im sudrugovima, komitima. Na tajnovitom skupu u Kopenhagenu 1989. reko je Tomcu da se on potrudi da rvacka politi\u010dka scena ima i livu nogu, te tako biv\u0161i SKH, priko SDP-a, \u010dak i socijaldemokrata vlastitog sina Miroslava, spasi od propasti. To je sve bilo u okviru njegove zamisli, kako nam je nekoliko puta reko Rudolf Davorin, da Rvacka bude u konfederativnom sastavu s Titoslavijom. Ta ideja u po\u010detku nije bila strana ni ujdijevcu, jugoslavenu, Pupavcu, barem prema onome \u0161to je govorio, da bi, \u010dim je posto za\u0161ti\u0107ena sorta, bio ono \u0161to i je, \u010detnik. \u010cak\u00a0 je se i u na\u0161em Saboru usudio izgovoriti da \u010detni\u010dka kokarda nije zabranjena u Rvackoj. Njegovo \u010detnikovanje je opasnije od bratovog mu jer je la\u017eno zavijeno u dobre namjere. A kakve su njegove namjere bile i ostale reko je prilikom osnivanja tzv. Srpskog narodnog vije\u0107a 19. 07. 1997. u Baranji. Tada je reko da jo\u0161 nije vrijeme za srpsku teritorijalnu autonomiju u Rvackoj, ali je bio za tzv. neteritorijalnu, funkcionalnu, autonomiju Srba u Rvata, kakva je propagirana 2008. u <em>Studiji o<\/em> <em>statusu i polo\u017eaju Srba u Hrvatskoj<\/em>, ra\u0111enoj istovremeno u Beogradu, Zagrebu i Novom Sadu. Spominjao je sa svojom bratijom i neku personalnu ali nikada kulturnu autonomiju, koja im je, jedino, zagarantirana rvackim Ustavom i Zakonom o nacionalnim manjinama.<\/p>\n<p>Nedovoljno kroatizirani Vlaj, Ivo Sanader, je brzo reagirao na njihove \u017eelje. Iste te 2008. godine, 10. sje\u010dnja, on je s Vlahosrbima sklopio Sporazum u kojem je obe\u0107o dati im ona prava, koja im Euron, od kad je na vlasti, \u0161akom i kapom daje. Taj akt bi se trebo zvati <em>Statut Vlahosrborum<\/em>, ne\u0161to sli\u010dno <em>Statutu Vlahorum<\/em>, koji su im habsburgovci dali u 17. stolje\u0107u. Jusipovi\u0107eva, Kosori\u010dina i Pusi\u0107kina vlast im je dopustila da u isto\u010dnoj Slavoniji osnuju tzv. ZVO, Zajedni\u010dko vje\u0107e op\u0107ina u kojima su Srbi na vlasti. Zlobna Pusi\u0107ka je preko na\u0161eg Sabora obvezala rvacku Vladu da posebno financira tu vlahosrpsku tvorevinu, koja, navodno, nema status pravne osobe. Za\u0161to o tome ni\u0161ta nije govorio Benavin Domovinski pokret?<\/p>\n<p>Pupavac je, zahvaljuju\u0107i Euronu, nastavio tra\u017eiti i dobivati ono \u0161to Vlahosrbima ni po kojim kriterijima ne pripada, pa mu je, izme\u0111u ostalog, priko Eurona odobreno, da po Rvackoj osnuje ni manje ni vi\u0161e nego 40 nekakvih centara za kulturu, 40 centara za \u0161irenje la\u017ei i mr\u017enje prema Rvatima. Ma, ljudi moji, ka\u017eite mi di to jo\u0161 ima? Jesu li oni Rvati koji im\u00a0 sva\u0161ta ne\u0161to dopu\u0161taju ludi ili se prave ludi? Za\u0161to ti na\u0161i <em>dobrotvori<\/em> ne upitaju Pupavca di su kosti dr. \u0160retera? Za\u0161to ga ne natjeraju da se ispri\u010da za klevete i la\u017ei, koje je izgovorio za vrime Rvackog obrambenog rata, da smo za godinu i pol dana pohrvatili 11 tisu\u0107a malih Srp\u010di\u0107a. Neka poka\u017ee i jedan takav slu\u010daj. I umisto da odgovara rvackoj vlasti za ono \u0161to \u010dini ri\u010dju, dilom i propustom, on stalno obilazi \u010detni\u010dke derneke koje prire\u0111uju njegova \u010detni\u010dka subra\u0107a, Vu\u010di\u0107 i Dodik, slave\u0107i uglavnom izmi\u0161ljene srpske nesre\u0107e, i svako malo beljezga priko medija protiv Rvata i Rvacke; izruguje se s Olujom, Bljeskom, Rvackim obrambenim ratom; a posebno veli\u010da la\u017ei o Jasenovcu. U \u010detni\u010dkim Pupav\u010devim tjednim novinama, \u010dak im je i jedan duvanjski izrod neko vrime bio urednik, pljuje se kad god ko o\u0107e i koliko god o\u0107e po svemu \u0161to je Rvatima sveto, o na\u0161em tro\u0161ku. Ni\u0161ta neobi\u010dno: jugoslaveni i \u010detnici su se skoro uvik slagali u antihrvartstvu. Jedino tako mogu to protuma\u010diti.<\/p>\n<p>O zlotvoru Pupavcu na tzv rvackim portalima ne mo\u017ee\u0161 vi\u0161e ni\u0161ta objaviti. Govore ljudi: <em>Sve nas tu\u017ei, a njemu u prilog na\u0161 sud sudi<\/em>. O Pupavcu ni rabri HOP-ov portal ne smije vi\u0161e tekst objaviti. Govorim iz vlastitog iskustva. A on mo\u017ee govoriti kad god ho\u0107e i \u0161to god ho\u0107e. Jugo\u010detni\u010dki mediji u Rvackoj jedva \u010dekaju da ne\u0161to \u0161to on \u017eeli napi\u0161u. Nikakva vist u Rvackoj nije va\u017enija od onoga \u0161to on povremeno izmuckuje; ni izbori za Sabor, ni izbori za Euniju, ni turizam, ni demografija, ni nogomet, ni poljoprivreda\u2026, on se u njihovim o\u010dima izdi\u017ee iznad svake na\u0161e egzistencijalne to\u010dke dnevnog reda. Nedorest Pupavac, valja priznati, mali je rastom ali velik utjecajem. Svoje Vlahosrbe ubacio je u sve pore rvacke vlasti od najni\u017ee do najvi\u0161e razine. Njegovom i njihovom zaslugom podignut je spomenik ne samo \u010detniku \u0160o\u0161ko\u010daninu nego i mnogim drugim dokazanim zlotvorima po Rvackoj. Grade im se ku\u0107e i obnavljaju putevi do njihovih ku\u0107a kao nagrada \u0161to su oni na\u0161e razarali. Duplo pravo glasa imaju kao nitko u Evropi. Manje ih je od 200 tisu\u0107a a imaju\u00a0 prava kao da ih je dva milijuna, najvi\u0161e zaslugom Pupavca i na\u0161ih jadnika i izdajnika. I on i oni zaslu\u017eili su <em>do\u017eivotnu nagradu<\/em> a ne slobodu od onih Rvata na \u010diju su \u0161tetu toliko toga napravili.<\/p>\n<p>Po\u0161teni rvacki narode, probudi se. Dobili smo bitku protiv njih, ali nismo rat. Kukavac Pupavac i njegova svita svakodnevno i podmuklo\u00a0 vode rat protiv Rvata u Rvackoj i izvan nje; primjetite to, dragi prijatelji moji, i suprotstavite se tome kako znate.<\/p>\n<p>Po\u0161tovani \u0161tioci moji, mo\u017eda \u0107ete re\u0107i da tema koju sam ovaj put obradio nije za rvacki katoli\u010dki mjese\u010dnik Ognji\u0161\u0107a. Varate se; za Ognji\u0161\u0107a je sve \u0161to se doga\u0111a na ognji\u0161tu i oko njega. Zato, pi\u0161u\u0107i o njemu i o njima ja zapravo pi\u0161em o nama, o na\u0161oj jugo\u010detni\u010dkoj vlasti koja im je, za sva zlodjela koja su nam u\u010dinili, dala prava kakva nikad nisu imali. Iako formalno nisu konstitutivni, kao za vrime biv\u0161e nikad vi\u0161e, jesu konstruktivni; pita ih se o svemu \u0161to je bitno u na\u0161oj dr\u017eavi. Do kada? Bo\u017ee, prosvitli nam pamet.<\/p>\n<p>Zagreb, 20. lipnja 2024.\u00a0\u00a0\u00a0\u00a0\u00a0\u00a0\u00a0\u00a0\u00a0\u00a0\u00a0\u00a0\u00a0\u00a0\u00a0\u00a0\u00a0\u00a0\u00a0\u00a0\u00a0\u00a0\u00a0\u00a0\u00a0\u00a0\u00a0\u00a0\u00a0\u00a0\u00a0\u00a0\u00a0\u00a0\u00a0\u00a0\u00a0\u00a0\u00a0\u00a0\u00a0\u00a0\u00a0\u00a0\u00a0\u00a0\u00a0\u00a0\u00a0\u00a0\u00a0\u00a0\u00a0 B a r i \u0161 a <em>\u00a0\u00a0\u00a0\u00a0\u00a0<\/em><\/p>\n","protected":false},"excerpt":{"rendered":"<p>\u0160tioci moji, jo\u0161 uvik mi iz pameti ne izlazi ono \u0161to je 6. svibnja 2024. godine reko ri\u0161\u0107anin nemilorad Pupavac. A reko je da \u0107e njegov \u010detni\u010dki SDS odlu\u010divati ko \u0107e bit a ko ne\u0107e bit u na\u0161oj rvackoj Vladi. &hellip; <a href=\"https:\/\/mandino-selo.com\/wp\/nedorest-pupavac\/\">pro\u010ditajte vi\u0161e<\/a><\/p>\n","protected":false},"author":31,"featured_media":145977,"comment_status":"open","ping_status":"open","sticky":false,"template":"","format":"standard","meta":{"ngg_post_thumbnail":0,"kt_blocks_editor_width":"","footnotes":""},"categories":[17],"tags":[],"_links":{"self":[{"href":"https:\/\/mandino-selo.com\/wp\/wp-json\/wp\/v2\/posts\/145976"}],"collection":[{"href":"https:\/\/mandino-selo.com\/wp\/wp-json\/wp\/v2\/posts"}],"about":[{"href":"https:\/\/mandino-selo.com\/wp\/wp-json\/wp\/v2\/types\/post"}],"author":[{"embeddable":true,"href":"https:\/\/mandino-selo.com\/wp\/wp-json\/wp\/v2\/users\/31"}],"replies":[{"embeddable":true,"href":"https:\/\/mandino-selo.com\/wp\/wp-json\/wp\/v2\/comments?post=145976"}],"version-history":[{"count":1,"href":"https:\/\/mandino-selo.com\/wp\/wp-json\/wp\/v2\/posts\/145976\/revisions"}],"predecessor-version":[{"id":145978,"href":"https:\/\/mandino-selo.com\/wp\/wp-json\/wp\/v2\/posts\/145976\/revisions\/145978"}],"wp:featuredmedia":[{"embeddable":true,"href":"https:\/\/mandino-selo.com\/wp\/wp-json\/wp\/v2\/media\/145977"}],"wp:attachment":[{"href":"https:\/\/mandino-selo.com\/wp\/wp-json\/wp\/v2\/media?parent=145976"}],"wp:term":[{"taxonomy":"category","embeddable":true,"href":"https:\/\/mandino-selo.com\/wp\/wp-json\/wp\/v2\/categories?post=145976"},{"taxonomy":"post_tag","embeddable":true,"href":"https:\/\/mandino-selo.com\/wp\/wp-json\/wp\/v2\/tags?post=145976"}],"curies":[{"name":"wp","href":"https:\/\/api.w.org\/{rel}","templated":true}]}}