{"id":14432,"date":"2015-05-25T19:49:39","date_gmt":"2015-05-25T19:49:39","guid":{"rendered":"http:\/\/mandino-selo.com\/wp\/?p=14432"},"modified":"2015-05-26T05:30:01","modified_gmt":"2015-05-26T05:30:01","slug":"svatovi-ivana-i-pere","status":"publish","type":"post","link":"https:\/\/mandino-selo.com\/wp\/svatovi-ivana-i-pere\/","title":{"rendered":"SVATOVI: Ivana i Pere"},"content":{"rendered":"<p>U subotu, 23. svibnja, veselo je bilo u Mandinu Selu. Naime, na\u0161a Ivana (Bla\u0161kanova) \u0160umanovi\u0107 udala se za Peru Nevisti\u0107a.<\/p>\n<p>Mladenci su se vjen\u010dali u duvanjskoj spomen-bazilici sv. Mihovila. Nakon obreda vjen\u010danja veseli svatovi su se uputili do svadbenog salona \u201eGospodar Prstenova\u201c, gdje su nastavili s pjesmom i veseljem.<\/p>\n<p>Okupljene svatove zabavljalo je doma\u0107i sastav \u201eKi\u0161e Jesenje\u201c. U veselju, s pjesmom i plesom, do\u010dekali su zoru i prve &#8220;pivce&#8221;.<\/p>\n<p>U ime na\u0161ega portala, Ivani\u00a0i njenom odabraniku Peri, \u017eelimo sve najbolje u budu\u0107em zajedni\u010dkom \u017eivotu.<\/p>\n<div id=\"kad-wp-gallery14\" class=\"kad-wp-gallery kad-light-wp-gallery clearfix kt-gallery-column-5 rowtight\"><div class=\"tcol-lg-25 tcol-md-25 tcol-sm-3 tcol-xs-4 tcol-ss-6 g_item\"><div class=\"grid_item kad_gallery_fade_in gallery_item\"><a href=\"https:\/\/mandino-selo.com\/wp\/wp-content\/uploads\/2015\/05\/11227061_884725948272594_647117793604870988_o.jpg\" data-rel=\"lightbox\" class=\"lightboxhover\"><img loading=\"lazy\" decoding=\"async\" src=\"https:\/\/mandino-selo.com\/wp\/wp-content\/uploads\/2015\/05\/11227061_884725948272594_647117793604870988_o.jpg\" width=\"640\" height=\"960\" alt=\"\" srcset=\"https:\/\/mandino-selo.com\/wp\/wp-content\/uploads\/2015\/05\/11227061_884725948272594_647117793604870988_o.jpg 640w, https:\/\/mandino-selo.com\/wp\/wp-content\/uploads\/2015\/05\/11227061_884725948272594_647117793604870988_o-233x350.jpg 233w\" sizes=\"(max-width: 640px) 100vw, 640px\" class=\"light-dropshaddow\"\/><\/a><\/div><\/div><div class=\"tcol-lg-25 tcol-md-25 tcol-sm-3 tcol-xs-4 tcol-ss-6 g_item\"><div class=\"grid_item kad_gallery_fade_in gallery_item\"><a href=\"https:\/\/mandino-selo.com\/wp\/wp-content\/uploads\/2015\/05\/11249022_884726154939240_6515275805697819365_o.jpg\" data-rel=\"lightbox\" class=\"lightboxhover\"><img loading=\"lazy\" decoding=\"async\" src=\"https:\/\/mandino-selo.com\/wp\/wp-content\/uploads\/2015\/05\/11249022_884726154939240_6515275805697819365_o.jpg\" width=\"2048\" height=\"1365\" alt=\"\" srcset=\"https:\/\/mandino-selo.com\/wp\/wp-content\/uploads\/2015\/05\/11249022_884726154939240_6515275805697819365_o.jpg 2048w, https:\/\/mandino-selo.com\/wp\/wp-content\/uploads\/2015\/05\/11249022_884726154939240_6515275805697819365_o-350x233.jpg 350w, https:\/\/mandino-selo.com\/wp\/wp-content\/uploads\/2015\/05\/11249022_884726154939240_6515275805697819365_o-1024x683.jpg 1024w\" sizes=\"(max-width: 2048px) 100vw, 2048px\" class=\"light-dropshaddow\"\/><\/a><\/div><\/div><div class=\"tcol-lg-25 tcol-md-25 tcol-sm-3 tcol-xs-4 tcol-ss-6 g_item\"><div class=\"grid_item kad_gallery_fade_in gallery_item\"><a href=\"https:\/\/mandino-selo.com\/wp\/wp-content\/uploads\/2015\/05\/11251633_884725644939291_5228850638667893534_o.jpg\" data-rel=\"lightbox\" class=\"lightboxhover\"><img loading=\"lazy\" decoding=\"async\" src=\"https:\/\/mandino-selo.com\/wp\/wp-content\/uploads\/2015\/05\/11251633_884725644939291_5228850638667893534_o.jpg\" width=\"2048\" height=\"1365\" alt=\"\" srcset=\"https:\/\/mandino-selo.com\/wp\/wp-content\/uploads\/2015\/05\/11251633_884725644939291_5228850638667893534_o.jpg 2048w, https:\/\/mandino-selo.com\/wp\/wp-content\/uploads\/2015\/05\/11251633_884725644939291_5228850638667893534_o-350x233.jpg 350w, https:\/\/mandino-selo.com\/wp\/wp-content\/uploads\/2015\/05\/11251633_884725644939291_5228850638667893534_o-1024x683.jpg 1024w\" sizes=\"(max-width: 2048px) 100vw, 2048px\" class=\"light-dropshaddow\"\/><\/a><\/div><\/div><div class=\"tcol-lg-25 tcol-md-25 tcol-sm-3 tcol-xs-4 tcol-ss-6 g_item\"><div class=\"grid_item kad_gallery_fade_in gallery_item\"><a href=\"https:\/\/mandino-selo.com\/wp\/wp-content\/uploads\/2015\/05\/11255556_884726211605901_5144696485862845900_o.jpg\" data-rel=\"lightbox\" class=\"lightboxhover\"><img loading=\"lazy\" decoding=\"async\" src=\"https:\/\/mandino-selo.com\/wp\/wp-content\/uploads\/2015\/05\/11255556_884726211605901_5144696485862845900_o.jpg\" width=\"640\" height=\"960\" alt=\"\" srcset=\"https:\/\/mandino-selo.com\/wp\/wp-content\/uploads\/2015\/05\/11255556_884726211605901_5144696485862845900_o.jpg 640w, https:\/\/mandino-selo.com\/wp\/wp-content\/uploads\/2015\/05\/11255556_884726211605901_5144696485862845900_o-233x350.jpg 233w\" sizes=\"(max-width: 640px) 100vw, 640px\" class=\"light-dropshaddow\"\/><\/a><\/div><\/div><div class=\"tcol-lg-25 tcol-md-25 tcol-sm-3 tcol-xs-4 tcol-ss-6 g_item\"><div class=\"grid_item kad_gallery_fade_in gallery_item\"><a href=\"https:\/\/mandino-selo.com\/wp\/wp-content\/uploads\/2015\/05\/11312766_884725951605927_2141020858249506559_o.jpg\" data-rel=\"lightbox\" class=\"lightboxhover\"><img loading=\"lazy\" decoding=\"async\" src=\"https:\/\/mandino-selo.com\/wp\/wp-content\/uploads\/2015\/05\/11312766_884725951605927_2141020858249506559_o.jpg\" width=\"640\" height=\"960\" alt=\"\" srcset=\"https:\/\/mandino-selo.com\/wp\/wp-content\/uploads\/2015\/05\/11312766_884725951605927_2141020858249506559_o.jpg 640w, https:\/\/mandino-selo.com\/wp\/wp-content\/uploads\/2015\/05\/11312766_884725951605927_2141020858249506559_o-233x350.jpg 233w\" sizes=\"(max-width: 640px) 100vw, 640px\" class=\"light-dropshaddow\"\/><\/a><\/div><\/div><\/div>\n<p>Tekst: <strong>Slavko \u0160umanovi\u0107<\/strong><\/p>\n<p>Slike: <strong>Foto Peri\u0107<\/strong><\/p>\n","protected":false},"excerpt":{"rendered":"<p>U subotu, 23. svibnja, veselo je bilo u Mandinu Selu. Naime, na\u0161a Ivana (Bla\u0161kanova) \u0160umanovi\u0107 udala se za Peru Nevisti\u0107a. Mladenci su se vjen\u010dali u duvanjskoj spomen-bazilici sv. Mihovila. Nakon obreda vjen\u010danja veseli svatovi su se uputili do svadbenog salona &hellip; <a href=\"https:\/\/mandino-selo.com\/wp\/svatovi-ivana-i-pere\/\">pro\u010ditajte vi\u0161e<\/a><\/p>\n","protected":false},"author":1,"featured_media":14433,"comment_status":"open","ping_status":"open","sticky":false,"template":"","format":"standard","meta":{"ngg_post_thumbnail":0,"kt_blocks_editor_width":"","footnotes":""},"categories":[3],"tags":[],"_links":{"self":[{"href":"https:\/\/mandino-selo.com\/wp\/wp-json\/wp\/v2\/posts\/14432"}],"collection":[{"href":"https:\/\/mandino-selo.com\/wp\/wp-json\/wp\/v2\/posts"}],"about":[{"href":"https:\/\/mandino-selo.com\/wp\/wp-json\/wp\/v2\/types\/post"}],"author":[{"embeddable":true,"href":"https:\/\/mandino-selo.com\/wp\/wp-json\/wp\/v2\/users\/1"}],"replies":[{"embeddable":true,"href":"https:\/\/mandino-selo.com\/wp\/wp-json\/wp\/v2\/comments?post=14432"}],"version-history":[{"count":4,"href":"https:\/\/mandino-selo.com\/wp\/wp-json\/wp\/v2\/posts\/14432\/revisions"}],"predecessor-version":[{"id":14450,"href":"https:\/\/mandino-selo.com\/wp\/wp-json\/wp\/v2\/posts\/14432\/revisions\/14450"}],"wp:featuredmedia":[{"embeddable":true,"href":"https:\/\/mandino-selo.com\/wp\/wp-json\/wp\/v2\/media\/14433"}],"wp:attachment":[{"href":"https:\/\/mandino-selo.com\/wp\/wp-json\/wp\/v2\/media?parent=14432"}],"wp:term":[{"taxonomy":"category","embeddable":true,"href":"https:\/\/mandino-selo.com\/wp\/wp-json\/wp\/v2\/categories?post=14432"},{"taxonomy":"post_tag","embeddable":true,"href":"https:\/\/mandino-selo.com\/wp\/wp-json\/wp\/v2\/tags?post=14432"}],"curies":[{"name":"wp","href":"https:\/\/api.w.org\/{rel}","templated":true}]}}