{"id":140858,"date":"2024-03-11T08:37:55","date_gmt":"2024-03-11T06:37:55","guid":{"rendered":"https:\/\/mandino-selo.com\/wp\/?p=140858"},"modified":"2024-03-11T08:44:02","modified_gmt":"2024-03-11T06:44:02","slug":"upalite-hr2-i-poslusajte-zeljka-musica-cilu-od-9-sati","status":"publish","type":"post","link":"https:\/\/mandino-selo.com\/wp\/upalite-hr2-i-poslusajte-zeljka-musica-cilu-od-9-sati\/","title":{"rendered":"UPALITE HR2 I POSLU\u0160AJTE \u017dELJKA MUSI\u0106A \u0106ILU OD 9 SATI"},"content":{"rendered":"<p>Upalite Hrvatski radio, Drugi program (HR2), danas, u 9 sati: \u017deljko Musi\u0107 &#8211; \u0106ile, na\u0161 Duvnjak, Bri\u0161ni\u010danin sa zagreba\u010dkom adresom je u gostima kod Maje Ciglene\u010dki.<\/p>\n<p>Razgovaraju o njegovoj najnovijoj knjizi &#8221; Ljudi koji bulje u vatru&#8221; i najavljuju zagreba\u010dku promociju iste knjige koja je u \u010detvrtak (14. 03.) u 19 sati u prostorijama Matice hrvatske.<\/p>\n\n\n<figure class=\"wp-block-gallery has-nested-images columns-default is-cropped wp-block-gallery-1 is-layout-flex wp-block-gallery-is-layout-flex\">\n<figure class=\"wp-block-image size-large\"><img loading=\"lazy\" decoding=\"async\" width=\"680\" height=\"383\" data-id=\"140861\" src=\"https:\/\/mandino-selo.com\/wp\/wp-content\/uploads\/2024\/03\/1000209730.jpg\" alt=\"\" class=\"wp-image-140861\" srcset=\"https:\/\/mandino-selo.com\/wp\/wp-content\/uploads\/2024\/03\/1000209730.jpg 680w, https:\/\/mandino-selo.com\/wp\/wp-content\/uploads\/2024\/03\/1000209730-350x197.jpg 350w\" sizes=\"(max-width: 680px) 100vw, 680px\" \/><\/figure>\n<\/figure>\n","protected":false},"excerpt":{"rendered":"<p>Upalite Hrvatski radio, Drugi program (HR2), danas, u 9 sati: \u017deljko Musi\u0107 &#8211; \u0106ile, na\u0161 Duvnjak, Bri\u0161ni\u010danin sa zagreba\u010dkom adresom je u gostima kod Maje Ciglene\u010dki. Razgovaraju o njegovoj najnovijoj knjizi &#8221; Ljudi koji bulje u vatru&#8221; i najavljuju zagreba\u010dku &hellip; <a href=\"https:\/\/mandino-selo.com\/wp\/upalite-hr2-i-poslusajte-zeljka-musica-cilu-od-9-sati\/\">pro\u010ditajte vi\u0161e<\/a><\/p>\n","protected":false},"author":31,"featured_media":140859,"comment_status":"open","ping_status":"open","sticky":false,"template":"","format":"standard","meta":{"ngg_post_thumbnail":0,"kt_blocks_editor_width":"","footnotes":""},"categories":[3],"tags":[],"_links":{"self":[{"href":"https:\/\/mandino-selo.com\/wp\/wp-json\/wp\/v2\/posts\/140858"}],"collection":[{"href":"https:\/\/mandino-selo.com\/wp\/wp-json\/wp\/v2\/posts"}],"about":[{"href":"https:\/\/mandino-selo.com\/wp\/wp-json\/wp\/v2\/types\/post"}],"author":[{"embeddable":true,"href":"https:\/\/mandino-selo.com\/wp\/wp-json\/wp\/v2\/users\/31"}],"replies":[{"embeddable":true,"href":"https:\/\/mandino-selo.com\/wp\/wp-json\/wp\/v2\/comments?post=140858"}],"version-history":[{"count":2,"href":"https:\/\/mandino-selo.com\/wp\/wp-json\/wp\/v2\/posts\/140858\/revisions"}],"predecessor-version":[{"id":140862,"href":"https:\/\/mandino-selo.com\/wp\/wp-json\/wp\/v2\/posts\/140858\/revisions\/140862"}],"wp:featuredmedia":[{"embeddable":true,"href":"https:\/\/mandino-selo.com\/wp\/wp-json\/wp\/v2\/media\/140859"}],"wp:attachment":[{"href":"https:\/\/mandino-selo.com\/wp\/wp-json\/wp\/v2\/media?parent=140858"}],"wp:term":[{"taxonomy":"category","embeddable":true,"href":"https:\/\/mandino-selo.com\/wp\/wp-json\/wp\/v2\/categories?post=140858"},{"taxonomy":"post_tag","embeddable":true,"href":"https:\/\/mandino-selo.com\/wp\/wp-json\/wp\/v2\/tags?post=140858"}],"curies":[{"name":"wp","href":"https:\/\/api.w.org\/{rel}","templated":true}]}}