{"id":131180,"date":"2023-06-07T22:05:25","date_gmt":"2023-06-07T20:05:25","guid":{"rendered":"https:\/\/mandino-selo.com\/wp\/?p=131180"},"modified":"2023-06-07T22:09:59","modified_gmt":"2023-06-07T20:09:59","slug":"sedam-vaznoh-dogadaja","status":"publish","type":"post","link":"https:\/\/mandino-selo.com\/wp\/sedam-vaznoh-dogadaja\/","title":{"rendered":"SEDAM VA\u017dNIH DOGA\u0110AJA"},"content":{"rendered":"<p><span style=\"color: #000000;\">\u0160tioci moji, ovaj put \u0107u vam pisati o onome \u0161to je se nama Rvatima dogodilo u zadnjih misec dana, ili \u0107e se dogoditi, a povezano je s na\u0161om pro\u0161lo\u0161\u0107u, sada\u0161njo\u0161\u0107u, a i budu\u0107no\u0161\u0107u.<\/span><\/p>\n<p><span style=\"color: #000000;\">Idem redom. Po\u010detak svibnja 2023. obilje\u017eila su dva va\u017ena doga\u0111aja u Zagrebu: odr\u017eana je tzv. velika vlahosrpska skup\u0161tina (navodno 1500 bilo prisutno) za veliku Srbiju i jugo\u010detni\u010dko (nakon pauze od 25 godina) vatreno (krijesovi) antihrvatsko orgijanje oko rijeke Save; slavili su, si\u0107ali se okupacije Zagreba 8. svibnja 1945. Uzgred je sme\u0107arska vlast u Zagrebu, na brzu ruku, pripremala brisanje nazive ulica po hrvatskim velikanima i po cilom gradu po\u010dela postavljati biste njima ideolo\u0161ki bliskih ljudi; svako malo u Zagrebu negdi osvane bista nekog njihovog jugo\u010detni\u010dkog miljenika.<\/span><\/p>\n<p><span style=\"color: #000000;\">Na spomenutoj vlahosrpskoj velikoj skup\u0161tini nesritnjak Euron je izvalio jo\u0161 jednu suludu re\u010denicu rekav\u0161i da srpska nacionalna manjina \u201eima veliki prinos u ostvarivanju strate\u0161kih interesa Hrvatske\u201c. Da, donekle se sla\u017eem s ovom njegovom vi\u0161e nego la\u017enom tvrdnjom. Srpska agresija, ludilo, zlo\u010din, nas je natjero da se oslobodimo njihove okupacije i obnovimo dr\u017eavu Rvatsku. Takvu suludu izjavu mogo je dati samo onaj koji je u sred Sabora, koji nije dr\u017eavni, reko da mo\u017ee \u0161to god ho\u0107e. Bo\u017ee, ti kako ho\u0107e\u0161, ali ja te ne molim da mu ovo oprosti\u0161.<\/span><\/p>\n<p><span style=\"color: #000000;\">\u0160tioci moji, zajedni\u010dka \u017eelja sudionika oba spomenuta skupa, i jugoslavena i \u010detnika, je da i formalno, po Ustavu, budu konstitutivni dio dr\u017eave Rvatske, iako svakodnevno djeluju destruktivno u tom smislu.<\/span><\/p>\n<p><span style=\"color: #000000;\">Tre\u0107i va\u017ean, izuzetno va\u017ean dan, je spomendan, dan i dani si\u0107anja na kapitulaciju NDH 15. svibnja 1945., na Blajbur\u0161ku tragediju i kri\u017ene puteve, na neizlje\u010divu ranu, u povisti najve\u0107i pogrom rvatskog naroda. Davno sam pro\u010dito u <em>Ve\u010dernjaku<\/em> izjavu zamjenika \u0161efa <em>Ozne <\/em>za Sloveniju da je po Sloveniji, najve\u0107em rvatskom groblju, prema njegovoj evidenciji, poubijano oko 195 tisu\u0107a Rvata, \u0161to vojnika \u0161to civila. Vridni istra\u017eitelj tog zlo\u010dina, Roman Leljak, do\u0161o je do brojke koja prelazi preko 200 tisu\u0107a ubijenih Rvata. Nakon toga je od osmeroreda nasto \u010detverored. Ne\u010dasno je umanjivati zlo\u010din, gospodine Aralica. Moj otac, punac i usta\u0161ki \u010dasnik Jozo Suton su mi rekli da su, dok su i\u0161li kroz Sloveniju, najprije bili u osmeroredu, pa tek onda u \u010detveroredu. Hitlerovi potomci, uz pomo\u0107 jugo\u010detnika, po\u010deli su nas zadnjih godina ne samo s tragi\u010dnog Blajbur\u0161kog polja micati, nego i si\u0107anje na taj nemili\u00a0 doga\u0111aj smicati. Tipovi tipa Stazi\u0107a, Beljaka, Pusi\u0107ke\u2026, kad bi im se pru\u017eila prilika, bi posmicali, \u010dini mi se, \u00a0sve nas danas \u017eivu\u0107e potomke blajbur\u0161kih stradalnika, svakoga ko je za dom spreman. O jadni rvacki narode, kako si mogo dopustit da tobom vladaju svakakvi i nekakvi manoli\u0107i, mesi\u0107i, jusipovi\u0107i, sanaderi plenkovi\u0107i, milanovi\u0107i, jandrokovi\u0107i, brada\u0161evi\u0107i, kosorice, pusi\u0107ke\u2026? Napominjem da sam imo \u010dast, svojevremeno, objavit tekst u <em>Tomislavu<\/em> jedinog rvackog pregovara\u010da o predaji na Blajburgu, koji je znao engleski, Danijela Crljena, dok je jo\u0161 bio \u017eiv; pa ko se \u017eeli podsjetiti kako je to bilo, neka ga prona\u0111e i ponovo pro\u010dita. Pitam se, za\u0161to jo\u0161 uvik mnogi ne znamo ulogu Engleza u toj na\u0161oj tragediji, nakon toliko napisanog i snimljenog, ili noviju njihovu ulogu u ru\u0161enju mosta u Mostaru, zlo\u010dina u Ahmi\u0107ima, kra\u0111i ste\u0107aka s Duvanjskog polja, vr\u0161ljanju oko vode od vrila \u0160ujice do u\u0161\u0107a Cetine\u2026 ? Za\u0161to se o svemu tome premalo govori, odgovorio sam davno: dok mi raspravljamo ko je za dom spreman a ko nije, ko su bili udba\u0161i a ko komunisti, vlast nam priote\u0161e londonski i briselski kursisti, globalisti. I kakve smo mi, i za\u0161to, onda ovih dana sklapali ugovore i sporazume s engleski sotonistima, najvjerojatnije zna predsjednik Vlade \u201eplemeniti\u201c Euron i vi\u017elasti ministar Grlica, nekad Radman. Spasi nas Bo\u017ee od njihovih dogovora i razgovora!<\/span><\/p>\n<p><span style=\"color: #000000;\">\u010cetvrto, \u0161to vam \u017eelim napomenuti, \u0161tioci moji, ako ste zaboravili, je to da po odluci Euronove vlade, od 1. srpnja 2023., stavljene su strancima na prodaju, na bubanj, na rasprodaju, sve dr\u017eavne nekretnine, sva narodna bogatstva. Prodaju se poljoprivredna zemlji\u0161ta, pa\u0161njaci, vode, \u0161ume, tlo na kojem stolje\u0107ima stojimo. Kad sam za vrime Rvackog obrambenog rata objavio u Tomislavu tekst gospodina Bo\u017eidara Prosenjaka na temu rasprodaje nekretnina strancima u Ma\u0111arskoj, s upozorenjem autora da bi se to moglo i nama dogoditi, izvjesni ljigavac, Ivan Bekavac, mene je, Prosenjaka i Tomislav stavio na dnevni red VONS-a. I da na toj sjednici VONS-a ne stade na na\u0161u stranu Franjo Tu\u0111man, ne znam kako bi se proveli; zapravo znam, bili bi prepu\u0161teni manoli\u0107evcima na obradu. Ka\u017ee jedan ekonomski analiti\u010dar niki dan na televizijskom ekranu da \u0107emo prodajom preostalog dila Agrokora, tzv. Fortenove,\u00a0 to je sada aktualno, ostati bez zemlje po Slavoniji i bez glavni vrila vode po ciloj Rvackoj. Dabogda se njegove prognoze ne obistinile.<\/span><\/p>\n<p><span style=\"color: #000000;\">Peto, \u0161tioci moji, pitam ja vas, jeste li primjetili da je skon\u010dala plandemija; nema vi\u0161e kovid ludila, rekli su oni koji su ga uveli. I niko niti je odgovaro,\u00a0 niti \u0107e odgovarati za izgonjenje naroda iz pameti la\u017eima, zastra\u0161ivanjima, dezinformacijama, za trovanje ljudi cjepivima, za nerazja\u0161njene smrtne slu\u010dajeve, za potro\u0161ene silne novce za nepotrebna cjepiva\u2026 Uzdam se u Boga da \u0107e svih petero izvr\u0161itelja plandemije u Rvackoj kad-tad odgovarati, i Euron, i Kos, i Rotar, i Papak, i Alatka. Preko njih petero mi Rvati smo bili ve\u0107e pape od pape, kao \u0161to smo po\u010deli primjenjivati i Istambulsku konvenciju prije nego je to na razini Eunije odlu\u010deno; a odlu\u010deno je tek ovih dana. Dvoli\u010dna Eunijina politika ista je i u odnosu prema agresiji Rusije na Ukrajinu; ona nema ni\u0161ta protiv toga da pojedine \u010dlanice Eunije poma\u017eu Ukrajini, ali kolektivne pomo\u0107i Eunije Ukrajincima jo\u0161 nema.<\/span><\/p>\n<p>I kao \u0161esto, \u0161tioci moji, upitat \u0107u vas, jeste li gledali sotonisti\u010dko zabavnu igru zvuka, svitla i dreke, euroviziju? Virovali ili ne, o\u010dekivo sam pobjedu \u017eenske vje\u0161ti\u010dijeg izgleda, pogleda i pokreta iz \u0160vedske, ali sam ljut \u0161to su Srbi imali dva predstavnika a mi nijednog &#8211;\u00a0 jedan njihov je predstavljo cilu Srbiju, a drugi samo \u0160umadiju. Predstavnik \u0160umadije zvao se je <em>Trofazni let,<\/em> ili kako ga u na\u0161oj Rijeci zovu, Let 3. Zar \u010dlanovi Trofaznog leta ne izgledaju, po svemu, kao da su iz \u0160umadije? Netko je namjerno htio osramotiti hrvatsku glazbu, kulturu, politiku, narod i dr\u017eavu, uvjeren sam. Za\u017eelimo Trofaznom letu da odleti sa svim svojim nastranostima tamo odakle je i do\u0161o u Rvacku. I jo\u0161 ne\u0161to: nije \u010dak ni hendikep ne sudjelovati u eunijatskim razvratnim sotonisti\u010dkim priredbama. Dapa\u010de, pohvalno je.<\/p>\n<p><span style=\"color: #000000;\">I sedmo, ba\u0161 fino \u0161to je u znaku broja sedam, \u0161to \u0107u vam jo\u0161 re\u0107i, \u0161tioci moji, iako vjerujem da to znate. Na \u010delo slavne i odavne zagreba\u010dke biskupije i nadbiskupije ovih dana je ustoli\u010den biskup Dra\u017een Kutle\u0161a, na\u0161 Duvnjak od Bu\u0161ka jezera, umisto nimalo mi dragog kardinala Brozani\u0107a. \u010cestitam biskupu Kutle\u0161i, vjerojatno uskoro i kardinalu, i od njega o\u010dekujem puno, \u010dak i ispravljanje krivih Drina; samo ne znam ho\u0107e li njegovo ustoli\u010denje biti pravno valjano budu\u0107i da na njemu namjerno nije bio prisutan kukavni gradona\u010delnik Zagreba, Brada\u0161evi\u0107. A, valjda ho\u0107e.<\/span><\/p>\n<p><span style=\"color: #000000;\">Zagreb, 18. svibnja 2023<\/span>.\u00a0\u00a0\u00a0\u00a0\u00a0\u00a0\u00a0\u00a0\u00a0\u00a0\u00a0\u00a0\u00a0\u00a0\u00a0\u00a0\u00a0\u00a0\u00a0\u00a0\u00a0\u00a0\u00a0\u00a0\u00a0\u00a0\u00a0\u00a0\u00a0\u00a0\u00a0\u00a0\u00a0\u00a0\u00a0\u00a0\u00a0\u00a0\u00a0\u00a0\u00a0\u00a0<span style=\"color: #000000;\">\u00a0\u00a0 B a r i \u0161 a<\/span><\/p>\n","protected":false},"excerpt":{"rendered":"<p>\u0160tioci moji, ovaj put \u0107u vam pisati o onome \u0161to je se nama Rvatima dogodilo u zadnjih misec dana, ili \u0107e se dogoditi, a povezano je s na\u0161om pro\u0161lo\u0161\u0107u, sada\u0161njo\u0161\u0107u, a i budu\u0107no\u0161\u0107u. Idem redom. Po\u010detak svibnja 2023. obilje\u017eila su &hellip; <a href=\"https:\/\/mandino-selo.com\/wp\/sedam-vaznoh-dogadaja\/\">pro\u010ditajte vi\u0161e<\/a><\/p>\n","protected":false},"author":31,"featured_media":131181,"comment_status":"open","ping_status":"open","sticky":false,"template":"","format":"standard","meta":{"ngg_post_thumbnail":0,"kt_blocks_editor_width":"","footnotes":""},"categories":[17],"tags":[],"_links":{"self":[{"href":"https:\/\/mandino-selo.com\/wp\/wp-json\/wp\/v2\/posts\/131180"}],"collection":[{"href":"https:\/\/mandino-selo.com\/wp\/wp-json\/wp\/v2\/posts"}],"about":[{"href":"https:\/\/mandino-selo.com\/wp\/wp-json\/wp\/v2\/types\/post"}],"author":[{"embeddable":true,"href":"https:\/\/mandino-selo.com\/wp\/wp-json\/wp\/v2\/users\/31"}],"replies":[{"embeddable":true,"href":"https:\/\/mandino-selo.com\/wp\/wp-json\/wp\/v2\/comments?post=131180"}],"version-history":[{"count":3,"href":"https:\/\/mandino-selo.com\/wp\/wp-json\/wp\/v2\/posts\/131180\/revisions"}],"predecessor-version":[{"id":131185,"href":"https:\/\/mandino-selo.com\/wp\/wp-json\/wp\/v2\/posts\/131180\/revisions\/131185"}],"wp:featuredmedia":[{"embeddable":true,"href":"https:\/\/mandino-selo.com\/wp\/wp-json\/wp\/v2\/media\/131181"}],"wp:attachment":[{"href":"https:\/\/mandino-selo.com\/wp\/wp-json\/wp\/v2\/media?parent=131180"}],"wp:term":[{"taxonomy":"category","embeddable":true,"href":"https:\/\/mandino-selo.com\/wp\/wp-json\/wp\/v2\/categories?post=131180"},{"taxonomy":"post_tag","embeddable":true,"href":"https:\/\/mandino-selo.com\/wp\/wp-json\/wp\/v2\/tags?post=131180"}],"curies":[{"name":"wp","href":"https:\/\/api.w.org\/{rel}","templated":true}]}}