{"id":130670,"date":"2023-05-23T03:54:00","date_gmt":"2023-05-23T01:54:00","guid":{"rendered":"https:\/\/mandino-selo.com\/wp\/?p=130670"},"modified":"2023-05-22T21:56:44","modified_gmt":"2023-05-22T19:56:44","slug":"iz-arhive-ispod-kalcine-stare-kuce-2","status":"publish","type":"post","link":"https:\/\/mandino-selo.com\/wp\/iz-arhive-ispod-kalcine-stare-kuce-2\/","title":{"rendered":"IZ ARHIVE: Ispod Kal\u010dine stare ku\u0107e"},"content":{"rendered":"<p><span style=\"color: #000000;\">Danas smo odabrali pravu &#8220;poslasticu&#8221; \u2013 fotografiju uslikanu u Joskanovi\u0107ima, ispod (stare) Kal\u010dine ku\u0107e, procjenjuju\u0107i prema akterima, potkraj \u0161ezdesetih godina pro\u0161loga stolje\u0107a. <\/span><\/p>\n<p><span style=\"color: #000000;\">U prvom planu su (slijeva na desno) Toma Vukadin, Slavko Kri\u017eanac Banov, Ivan Markovi\u0107 \u010cikica, Stipan Maji\u0107 Baji\u0107, Marko Markovi\u0107 Ma\u0161un. Ispred njih stoji Ante Vukadin Kalc (pok. Stipe). <\/span><\/p>\n<p><span style=\"color: #000000;\">Od odrasle petorke, koja se nalazi u drugom planu, uspio sam prepoznati pok. Miju Joskanovi\u0107a, i pok. Grgu \u0160umanovi\u0107a. Od ostalih na pozidi, pretpostavljam da su tu jo\u0161 Ivan Pajo Vukadin (pok. \u0160\u0107ete) i, mo\u017eda, pok. Bo\u017ee Markovi\u0107 Bego. Petoga, okrenuta le\u0111ima, te\u0161ko je prepoznati. Osim osoba, malo razgledajte i ovaj dio sela kako je izgledao u to vrijeme. Kod Bubine ku\u0107e vidjet \u0107ete i konjska kola \u2013 ruda ih &#8220;odaje&#8221;.<\/span><\/p>\n<p><span style=\"color: #000000;\">Hvala na\u0161em \u010cikici na ovoj prekrasnoj fotografiji!<\/span><\/p>\n<p><span style=\"color: #000000;\">Ukoliko imate starih fotografija, \u0161aljite na e-mail adresu\u00a0<\/span><a href=\"mailto:ivicasarac@gmail.com\" target=\"_blank\" rel=\"noopener\">ivicasarac@gmail.com<\/a>, na\u00a0<a href=\"mailto:mandino.selo@gmail.com\" target=\"_blank\" rel=\"noopener\">mandino.selo@gmail.com<\/a>\u00a0<span style=\"color: #000000;\">ili fizi\u010dki donesite kod mene. Nakon skeniranja iste vra\u0107amo.<\/span><\/p>\n","protected":false},"excerpt":{"rendered":"<p>Danas smo odabrali pravu &#8220;poslasticu&#8221; \u2013 fotografiju uslikanu u Joskanovi\u0107ima, ispod (stare) Kal\u010dine ku\u0107e, procjenjuju\u0107i prema akterima, potkraj \u0161ezdesetih godina pro\u0161loga stolje\u0107a. U prvom planu su (slijeva na desno) Toma Vukadin, Slavko Kri\u017eanac Banov, Ivan Markovi\u0107 \u010cikica, Stipan Maji\u0107 Baji\u0107, &hellip; <a href=\"https:\/\/mandino-selo.com\/wp\/iz-arhive-ispod-kalcine-stare-kuce-2\/\">pro\u010ditajte vi\u0161e<\/a><\/p>\n","protected":false},"author":31,"featured_media":130671,"comment_status":"open","ping_status":"open","sticky":false,"template":"","format":"standard","meta":{"ngg_post_thumbnail":0,"kt_blocks_editor_width":"","footnotes":""},"categories":[18],"tags":[],"_links":{"self":[{"href":"https:\/\/mandino-selo.com\/wp\/wp-json\/wp\/v2\/posts\/130670"}],"collection":[{"href":"https:\/\/mandino-selo.com\/wp\/wp-json\/wp\/v2\/posts"}],"about":[{"href":"https:\/\/mandino-selo.com\/wp\/wp-json\/wp\/v2\/types\/post"}],"author":[{"embeddable":true,"href":"https:\/\/mandino-selo.com\/wp\/wp-json\/wp\/v2\/users\/31"}],"replies":[{"embeddable":true,"href":"https:\/\/mandino-selo.com\/wp\/wp-json\/wp\/v2\/comments?post=130670"}],"version-history":[{"count":1,"href":"https:\/\/mandino-selo.com\/wp\/wp-json\/wp\/v2\/posts\/130670\/revisions"}],"predecessor-version":[{"id":130672,"href":"https:\/\/mandino-selo.com\/wp\/wp-json\/wp\/v2\/posts\/130670\/revisions\/130672"}],"wp:featuredmedia":[{"embeddable":true,"href":"https:\/\/mandino-selo.com\/wp\/wp-json\/wp\/v2\/media\/130671"}],"wp:attachment":[{"href":"https:\/\/mandino-selo.com\/wp\/wp-json\/wp\/v2\/media?parent=130670"}],"wp:term":[{"taxonomy":"category","embeddable":true,"href":"https:\/\/mandino-selo.com\/wp\/wp-json\/wp\/v2\/categories?post=130670"},{"taxonomy":"post_tag","embeddable":true,"href":"https:\/\/mandino-selo.com\/wp\/wp-json\/wp\/v2\/tags?post=130670"}],"curies":[{"name":"wp","href":"https:\/\/api.w.org\/{rel}","templated":true}]}}