{"id":130006,"date":"2023-04-29T23:13:00","date_gmt":"2023-04-29T21:13:00","guid":{"rendered":"https:\/\/mandino-selo.com\/wp\/?p=130006"},"modified":"2023-04-30T14:13:59","modified_gmt":"2023-04-30T12:13:59","slug":"mons-drazen-kutlesa-preuzeo-sluzbu-zagrebackog-nadbiskupa","status":"publish","type":"post","link":"https:\/\/mandino-selo.com\/wp\/mons-drazen-kutlesa-preuzeo-sluzbu-zagrebackog-nadbiskupa\/","title":{"rendered":"MONS. DRA\u017dEN KUTLE\u0160A PREUZEO SLU\u017dBU ZAGREBA\u010cKOG NADBISKUPA"},"content":{"rendered":"<p><span style=\"color: #000000;\">Danas je u bogoslu\u017enom prostoru bl. Alojzija Stepinca na Kaptolu u Zagrebu slu\u017eeno sve\u010dano liturgijsko slavlje povodom preuzimanja slu\u017ebe zagreba\u010dkog nadbiskupa mons. Dra\u017eena Kutle\u0161e, rodom iz Tomislavgrada, \u017eupa Prisoje. Uz predstavnike crkvene vlasti, sve\u010danosti su nazo\u010dili i predstavnici zakonodavne, izvr\u0161ne i sudbene vlasti iz Hrvatske, Bosne i Hercegovine i drugih zemalja te brojni Duvnjaci.<\/span><\/p>\n<p><span style=\"color: #000000;\">Predsjednik Vlade Hercegbosanske \u017eupanije Ivan Vukadin i na\u010delnik op\u0107ine Tomislavgrad Ivan Bunti\u0107 ovom su prigodom<\/span> uru\u010dili dar mons. Dra\u017eenu Kutle\u0161i \u2013 pastirski \u0161tap, djelo akademskog kipara Ilije Sko\u010dibu\u0161i\u0107a.<\/p>\n<p><strong><span style=\"color: #000000;\">Op\u0107ina Tomislavgrad<\/span><\/strong><\/p>\n\n\n<figure class=\"wp-block-gallery has-nested-images columns-default is-cropped wp-block-gallery-1 is-layout-flex wp-block-gallery-is-layout-flex\">\n<figure class=\"wp-block-image size-large\"><img loading=\"lazy\" decoding=\"async\" width=\"1024\" height=\"683\" data-id=\"130008\" src=\"https:\/\/mandino-selo.com\/wp\/wp-content\/uploads\/2023\/04\/344119053_811203666507978_5883337174483496158_n-1024x683.jpg\" alt=\"\" class=\"wp-image-130008\" srcset=\"https:\/\/mandino-selo.com\/wp\/wp-content\/uploads\/2023\/04\/344119053_811203666507978_5883337174483496158_n-1024x683.jpg 1024w, https:\/\/mandino-selo.com\/wp\/wp-content\/uploads\/2023\/04\/344119053_811203666507978_5883337174483496158_n-350x233.jpg 350w, https:\/\/mandino-selo.com\/wp\/wp-content\/uploads\/2023\/04\/344119053_811203666507978_5883337174483496158_n-768x512.jpg 768w, https:\/\/mandino-selo.com\/wp\/wp-content\/uploads\/2023\/04\/344119053_811203666507978_5883337174483496158_n.jpg 1080w\" sizes=\"(max-width: 1024px) 100vw, 1024px\" \/><\/figure>\n<\/figure>\n\n\n\n<figure class=\"wp-block-gallery has-nested-images columns-default is-cropped wp-block-gallery-2 is-layout-flex wp-block-gallery-is-layout-flex\">\n<figure class=\"wp-block-image size-large\"><img loading=\"lazy\" decoding=\"async\" width=\"1024\" height=\"683\" data-id=\"130009\" src=\"https:\/\/mandino-selo.com\/wp\/wp-content\/uploads\/2023\/04\/344119053_811203666507978_5883337174483496158_n-1-1024x683.jpg\" alt=\"\" class=\"wp-image-130009\" srcset=\"https:\/\/mandino-selo.com\/wp\/wp-content\/uploads\/2023\/04\/344119053_811203666507978_5883337174483496158_n-1-1024x683.jpg 1024w, https:\/\/mandino-selo.com\/wp\/wp-content\/uploads\/2023\/04\/344119053_811203666507978_5883337174483496158_n-1-350x233.jpg 350w, https:\/\/mandino-selo.com\/wp\/wp-content\/uploads\/2023\/04\/344119053_811203666507978_5883337174483496158_n-1-768x512.jpg 768w, https:\/\/mandino-selo.com\/wp\/wp-content\/uploads\/2023\/04\/344119053_811203666507978_5883337174483496158_n-1.jpg 1080w\" sizes=\"(max-width: 1024px) 100vw, 1024px\" \/><\/figure>\n<\/figure>\n\n\n\n<figure class=\"wp-block-gallery has-nested-images columns-1 is-cropped wp-block-gallery-3 is-layout-flex wp-block-gallery-is-layout-flex\">\n<figure class=\"wp-block-image size-large\"><img loading=\"lazy\" decoding=\"async\" width=\"1024\" height=\"683\" data-id=\"130010\" src=\"https:\/\/mandino-selo.com\/wp\/wp-content\/uploads\/2023\/04\/344358445_942906997159925_3445252753960685694_n-1024x683.jpg\" alt=\"\" class=\"wp-image-130010\" srcset=\"https:\/\/mandino-selo.com\/wp\/wp-content\/uploads\/2023\/04\/344358445_942906997159925_3445252753960685694_n-1024x683.jpg 1024w, https:\/\/mandino-selo.com\/wp\/wp-content\/uploads\/2023\/04\/344358445_942906997159925_3445252753960685694_n-350x233.jpg 350w, https:\/\/mandino-selo.com\/wp\/wp-content\/uploads\/2023\/04\/344358445_942906997159925_3445252753960685694_n-768x512.jpg 768w, https:\/\/mandino-selo.com\/wp\/wp-content\/uploads\/2023\/04\/344358445_942906997159925_3445252753960685694_n.jpg 1080w\" sizes=\"(max-width: 1024px) 100vw, 1024px\" \/><\/figure>\n\n\n\n<figure class=\"wp-block-image size-large\"><img loading=\"lazy\" decoding=\"async\" width=\"1024\" height=\"683\" data-id=\"130011\" src=\"https:\/\/mandino-selo.com\/wp\/wp-content\/uploads\/2023\/04\/344370518_933476684524318_4141870521351183013_n-1024x683.jpg\" alt=\"\" class=\"wp-image-130011\" srcset=\"https:\/\/mandino-selo.com\/wp\/wp-content\/uploads\/2023\/04\/344370518_933476684524318_4141870521351183013_n-1024x683.jpg 1024w, https:\/\/mandino-selo.com\/wp\/wp-content\/uploads\/2023\/04\/344370518_933476684524318_4141870521351183013_n-350x233.jpg 350w, https:\/\/mandino-selo.com\/wp\/wp-content\/uploads\/2023\/04\/344370518_933476684524318_4141870521351183013_n-768x512.jpg 768w, https:\/\/mandino-selo.com\/wp\/wp-content\/uploads\/2023\/04\/344370518_933476684524318_4141870521351183013_n.jpg 1080w\" sizes=\"(max-width: 1024px) 100vw, 1024px\" \/><\/figure>\n\n\n\n<figure class=\"wp-block-image size-large\"><img loading=\"lazy\" decoding=\"async\" width=\"653\" height=\"1024\" data-id=\"130012\" src=\"https:\/\/mandino-selo.com\/wp\/wp-content\/uploads\/2023\/04\/344372558_1696248690824116_4385229105363842981_n-653x1024.jpg\" alt=\"\" class=\"wp-image-130012\" srcset=\"https:\/\/mandino-selo.com\/wp\/wp-content\/uploads\/2023\/04\/344372558_1696248690824116_4385229105363842981_n-653x1024.jpg 653w, https:\/\/mandino-selo.com\/wp\/wp-content\/uploads\/2023\/04\/344372558_1696248690824116_4385229105363842981_n-223x350.jpg 223w, https:\/\/mandino-selo.com\/wp\/wp-content\/uploads\/2023\/04\/344372558_1696248690824116_4385229105363842981_n-768x1205.jpg 768w, https:\/\/mandino-selo.com\/wp\/wp-content\/uploads\/2023\/04\/344372558_1696248690824116_4385229105363842981_n-979x1536.jpg 979w, https:\/\/mandino-selo.com\/wp\/wp-content\/uploads\/2023\/04\/344372558_1696248690824116_4385229105363842981_n.jpg 1305w\" sizes=\"(max-width: 653px) 100vw, 653px\" \/><\/figure>\n<\/figure>\n","protected":false},"excerpt":{"rendered":"<p>Danas je u bogoslu\u017enom prostoru bl. Alojzija Stepinca na Kaptolu u Zagrebu slu\u017eeno sve\u010dano liturgijsko slavlje povodom preuzimanja slu\u017ebe zagreba\u010dkog nadbiskupa mons. Dra\u017eena Kutle\u0161e, rodom iz Tomislavgrada, \u017eupa Prisoje. Uz predstavnike crkvene vlasti, sve\u010danosti su nazo\u010dili i predstavnici zakonodavne, izvr\u0161ne &hellip; <a href=\"https:\/\/mandino-selo.com\/wp\/mons-drazen-kutlesa-preuzeo-sluzbu-zagrebackog-nadbiskupa\/\">pro\u010ditajte vi\u0161e<\/a><\/p>\n","protected":false},"author":31,"featured_media":130007,"comment_status":"open","ping_status":"open","sticky":false,"template":"","format":"standard","meta":{"ngg_post_thumbnail":0,"kt_blocks_editor_width":"","footnotes":""},"categories":[3],"tags":[],"_links":{"self":[{"href":"https:\/\/mandino-selo.com\/wp\/wp-json\/wp\/v2\/posts\/130006"}],"collection":[{"href":"https:\/\/mandino-selo.com\/wp\/wp-json\/wp\/v2\/posts"}],"about":[{"href":"https:\/\/mandino-selo.com\/wp\/wp-json\/wp\/v2\/types\/post"}],"author":[{"embeddable":true,"href":"https:\/\/mandino-selo.com\/wp\/wp-json\/wp\/v2\/users\/31"}],"replies":[{"embeddable":true,"href":"https:\/\/mandino-selo.com\/wp\/wp-json\/wp\/v2\/comments?post=130006"}],"version-history":[{"count":1,"href":"https:\/\/mandino-selo.com\/wp\/wp-json\/wp\/v2\/posts\/130006\/revisions"}],"predecessor-version":[{"id":130013,"href":"https:\/\/mandino-selo.com\/wp\/wp-json\/wp\/v2\/posts\/130006\/revisions\/130013"}],"wp:featuredmedia":[{"embeddable":true,"href":"https:\/\/mandino-selo.com\/wp\/wp-json\/wp\/v2\/media\/130007"}],"wp:attachment":[{"href":"https:\/\/mandino-selo.com\/wp\/wp-json\/wp\/v2\/media?parent=130006"}],"wp:term":[{"taxonomy":"category","embeddable":true,"href":"https:\/\/mandino-selo.com\/wp\/wp-json\/wp\/v2\/categories?post=130006"},{"taxonomy":"post_tag","embeddable":true,"href":"https:\/\/mandino-selo.com\/wp\/wp-json\/wp\/v2\/tags?post=130006"}],"curies":[{"name":"wp","href":"https:\/\/api.w.org\/{rel}","templated":true}]}}