{"id":129540,"date":"2023-04-16T23:34:00","date_gmt":"2023-04-16T21:34:00","guid":{"rendered":"https:\/\/mandino-selo.com\/wp\/?p=129540"},"modified":"2023-04-17T08:39:13","modified_gmt":"2023-04-17T06:39:13","slug":"zupne-obavijesti-ii-vazmena-nedjelja-2","status":"publish","type":"post","link":"https:\/\/mandino-selo.com\/wp\/zupne-obavijesti-ii-vazmena-nedjelja-2\/","title":{"rendered":"\u017dUPNE OBAVIJESTI: II. Vazmena nedjelja"},"content":{"rendered":"<ol>\n<li>Sv. mise u idu\u0107em tjednu:<\/li>\n<\/ol>\n<table width=\"100%\">\n<tbody>\n<tr>\n<td width=\"33%\"><span style=\"color: #000000;\">17.4. Ponedjeljak<\/span><\/td>\n<td width=\"66%\"><span style=\"color: #000000;\">Franka Maji\u0107 za sve svoje ++<\/span><\/td>\n<\/tr>\n<tr>\n<td width=\"33%\"><span style=\"color: #000000;\">18.4. Utorak<\/span><\/td>\n<td width=\"66%\"><span style=\"color: #000000;\">Stipan Maji\u0107 za sve svoje ++<\/span><\/td>\n<\/tr>\n<tr>\n<td width=\"33%\"><span style=\"color: #000000;\">19.4. Srijeda<\/span><\/td>\n<td width=\"66%\"><span style=\"color: #000000;\">Iva Milo\u0161 \u010cavarovi\u0107a za sve svoje ++<\/span><\/td>\n<\/tr>\n<tr>\n<td width=\"33%\"><span style=\"color: #000000;\">20.4. \u010cetvrtak<\/span><\/td>\n<td width=\"66%\"><span style=\"color: #000000;\">Mara \u0106ur\u010di\u0107 ud. Bo\u017eina za sve svoje ++<\/span><\/td>\n<\/tr>\n<tr>\n<td width=\"33%\"><span style=\"color: #000000;\">21.4. Petak<\/span><\/td>\n<td width=\"66%\"><span style=\"color: #000000;\">Mijo i An\u0111a Mati\u0107 &#8211; Komlenovi\u0107 za sve svoje ++<\/span><\/td>\n<\/tr>\n<tr>\n<td width=\"33%\"><span style=\"color: #000000;\">22.4. Subota<\/span><\/td>\n<td width=\"66%\"><span style=\"color: #000000;\">Branko D\u017eanki\u0107 za sve svoje ++<\/span><\/td>\n<\/tr>\n<\/tbody>\n<\/table>\n<p><strong>\u00a0<\/strong><\/p>\n<ol start=\"2\">\n<li><span style=\"color: #000000;\">U idu\u0107u je nedjelju blagoslov polja na groblju u Mandinu Selu. Svete mise su: u Kongori u 8h, u Bor\u010danima u 9.30. Na groblju u Mandinu Selu u 11h.<\/span><\/li>\n<\/ol>\n<ol start=\"3\">\n<li><span style=\"color: #000000;\">Ovaj tjedan u na\u0161oj\u00a0 \u017eupi kr\u0161teni su: Ru\u017ea Bartuli\u0107, k\u0107i Zvonimira i Ivane r. Livaja iz Kongore; Ana Mati\u0107, k\u0107i Ante i An\u0111elke r. Andri\u0107 iz \u0160vicarske; Eva-Maria Rado\u0161, k\u0107i \u017deljka i Emanuele r. Kri\u0161to iz Njema\u010dke; Adriana Joli\u0107, k\u0107i Stipe i Ane Kova\u010devi\u0107 iz Austrije. \u017delimo im dobrodo\u0161licu u zajednicu kr\u0161tenika.<\/span><\/li>\n<\/ol>\n<ol start=\"4\">\n<li><span style=\"color: #000000;\">\u017denidbeni navje\u0161taj: \u017deni se Mijo Bartuli\u0107, sin Drage i Ljiljane r. Joli\u0107 iz Zagreba i uzima Gabrielu Gali\u0107, k\u0107i Marija i Zrinke r. \u0160ari\u0107 iz Zagreba. Neka im je sretno i blagoslovljeno.<\/span><\/li>\n<\/ol>\n","protected":false},"excerpt":{"rendered":"<p>Sv. mise u idu\u0107em tjednu: 17.4. Ponedjeljak Franka Maji\u0107 za sve svoje ++ 18.4. Utorak Stipan Maji\u0107 za sve svoje ++ 19.4. Srijeda Iva Milo\u0161 \u010cavarovi\u0107a za sve svoje ++ 20.4. \u010cetvrtak Mara \u0106ur\u010di\u0107 ud. Bo\u017eina za sve svoje ++ &hellip; <a href=\"https:\/\/mandino-selo.com\/wp\/zupne-obavijesti-ii-vazmena-nedjelja-2\/\">pro\u010ditajte vi\u0161e<\/a><\/p>\n","protected":false},"author":31,"featured_media":129541,"comment_status":"open","ping_status":"open","sticky":false,"template":"","format":"standard","meta":{"ngg_post_thumbnail":0,"kt_blocks_editor_width":"","footnotes":""},"categories":[24],"tags":[],"_links":{"self":[{"href":"https:\/\/mandino-selo.com\/wp\/wp-json\/wp\/v2\/posts\/129540"}],"collection":[{"href":"https:\/\/mandino-selo.com\/wp\/wp-json\/wp\/v2\/posts"}],"about":[{"href":"https:\/\/mandino-selo.com\/wp\/wp-json\/wp\/v2\/types\/post"}],"author":[{"embeddable":true,"href":"https:\/\/mandino-selo.com\/wp\/wp-json\/wp\/v2\/users\/31"}],"replies":[{"embeddable":true,"href":"https:\/\/mandino-selo.com\/wp\/wp-json\/wp\/v2\/comments?post=129540"}],"version-history":[{"count":1,"href":"https:\/\/mandino-selo.com\/wp\/wp-json\/wp\/v2\/posts\/129540\/revisions"}],"predecessor-version":[{"id":129542,"href":"https:\/\/mandino-selo.com\/wp\/wp-json\/wp\/v2\/posts\/129540\/revisions\/129542"}],"wp:featuredmedia":[{"embeddable":true,"href":"https:\/\/mandino-selo.com\/wp\/wp-json\/wp\/v2\/media\/129541"}],"wp:attachment":[{"href":"https:\/\/mandino-selo.com\/wp\/wp-json\/wp\/v2\/media?parent=129540"}],"wp:term":[{"taxonomy":"category","embeddable":true,"href":"https:\/\/mandino-selo.com\/wp\/wp-json\/wp\/v2\/categories?post=129540"},{"taxonomy":"post_tag","embeddable":true,"href":"https:\/\/mandino-selo.com\/wp\/wp-json\/wp\/v2\/tags?post=129540"}],"curies":[{"name":"wp","href":"https:\/\/api.w.org\/{rel}","templated":true}]}}