{"id":125042,"date":"2022-10-27T05:17:00","date_gmt":"2022-10-27T03:17:00","guid":{"rendered":"http:\/\/mandino-selo.com\/wp\/?p=125042"},"modified":"2022-10-27T08:32:41","modified_gmt":"2022-10-27T06:32:41","slug":"duvnjaci-za-petra-milosa-6","status":"publish","type":"post","link":"https:\/\/mandino-selo.com\/wp\/duvnjaci-za-petra-milosa-6\/","title":{"rendered":"DUVNJACI ZA PETRA MILO\u0160A"},"content":{"rendered":"<p><span style=\"color: #000000;\">Udruga za informiranje i kulturu <em>Manda<\/em> u suradnji s Dru\u0161tvom hrvatskih knji\u017eevnika Herceg-Bosne, KIC-om Tomislavgrad i portalom <a style=\"color: #000000;\" href=\"http:\/\/www.mandino-selo.com\">www.mandino-selo.com<\/a> predstavlja ciklus pri\u010da <strong><em>Duvnjaci za Petra Milo\u0161a, <\/em><\/strong>pri\u010d\u0101 kojima su autori Duvnjaci (njih \u0161esnaest), a koje su pristigle na natje\u010daj za kratku pri\u010du <em>Petar Milo\u0161<\/em>. Podsje\u0107amo, u lipnju ove godine, u organizaciji DHK HB i KIC-a Tomislavgrad raspisan je natje\u010daj za knji\u017eevnu nagradu <em>Petar Milo\u0161<\/em> za kratku pri\u010du. Pri\u010de duvanjskih autora pristigle na natje\u010daj, uz njihov pristanak, objavljujemo u ovom ciklusu svakoga \u010detvrtka.<\/span><\/p>\n<p><span style=\"color: #000080;\">Danas objavljujemo pri\u010du Hrvoja Dilbera iz Podgaja (ispod gaja), a sljede\u0107ega \u010detvrtka donosimo pri\u010du jedne mlade i talentirane Duvanjke.<\/span><\/p>\n\n\n<figure class=\"wp-block-gallery columns-1 is-cropped wp-block-gallery-1 is-layout-flex wp-block-gallery-is-layout-flex\"><ul class=\"blocks-gallery-grid\"><li class=\"blocks-gallery-item\"><figure><img loading=\"lazy\" decoding=\"async\" width=\"1024\" height=\"768\" src=\"https:\/\/mandino-selo.com\/wp\/wp-content\/uploads\/2022\/10\/IMG-20221026-WA0019-1024x768.jpg\" alt=\"\" data-id=\"125092\" data-full-url=\"https:\/\/mandino-selo.com\/wp\/wp-content\/uploads\/2022\/10\/IMG-20221026-WA0019.jpg\" data-link=\"https:\/\/mandino-selo.com\/wp\/duvnjaci-za-petra-milosa-6\/img-20221026-wa0019\/\" class=\"wp-image-125092\" srcset=\"https:\/\/mandino-selo.com\/wp\/wp-content\/uploads\/2022\/10\/IMG-20221026-WA0019-1024x768.jpg 1024w, https:\/\/mandino-selo.com\/wp\/wp-content\/uploads\/2022\/10\/IMG-20221026-WA0019-350x262.jpg 350w, https:\/\/mandino-selo.com\/wp\/wp-content\/uploads\/2022\/10\/IMG-20221026-WA0019-768x576.jpg 768w, https:\/\/mandino-selo.com\/wp\/wp-content\/uploads\/2022\/10\/IMG-20221026-WA0019-1536x1152.jpg 1536w, https:\/\/mandino-selo.com\/wp\/wp-content\/uploads\/2022\/10\/IMG-20221026-WA0019.jpg 1714w\" sizes=\"(max-width: 1024px) 100vw, 1024px\" \/><figcaption class=\"blocks-gallery-item__caption\">Foto: Tomislavgrad\/ Duvno\/ \u017dupanjac na starim razglednicama i fotografijama <\/figcaption><\/figure><\/li><\/ul><\/figure>\n\n\n<h4 style=\"text-align: center;\"><span style=\"color: #000000;\"><strong>Narodni neprijatelj<\/strong><\/span><\/h4>\n<p><span style=\"color: #000000;\">Joskan je bio jedan od rijetkih punoljetnih mu\u0161karaca koji nije oti\u0161ao <\/span><span style=\"color: #000000;\">trbuhom za kruhom u Njema\u010dku. On je jo\u0161 uvijek <em>kirijao<\/em> sa svoja dva zekana, <\/span><span style=\"color: #000000;\">orao, prevozio \u0161to je kome trebalo u selu, a trebalo je sve vi\u0161e i vi\u0161e. <\/span><span style=\"color: #000000;\">Svi su posmicali svoje &#8220;radilo&#8221; i oti\u0161li u Njema\u010dku. Doma su ostali samo <\/span><span style=\"color: #000000;\">starci, \u017eene i djeca, koji su nastavili obra\u0111ivati zemlju i raditi kao \u0161to <\/span><span style=\"color: #000000;\">se to radili prije odlaska mu\u017eevi i o\u010devi u Njema\u010dku. Samo sada nisu imali <\/span><span style=\"color: #000000;\">konje i kola pa je pritisak na Joskana bio sve ve\u0107i i ve\u0107i, te dovezi ovom <\/span><span style=\"color: #000000;\">ovo, odvezi onom ono.<\/span><\/p>\n<p><span style=\"color: #000000;\">Toga jutra se taman spremao Brigu\u0161i voziti kamen za temelje nove ku\u0107e koju <\/span><span style=\"color: #000000;\">su po\u010deli graditi, kada mu u dvori\u0161te upado\u0161e tri uniformirane ljudine. Jednog je poznavao iz vi\u0111enja, on je bio zaposlen u milicijskoj stanici u Duvnu, druga dvojica nepoznata bili su obu\u010deni kao vojnici i bili naoru\u017eani vojnim pu\u0161\u010detinama. Ne\u0161to su promrljali \u0161to je trebao biti nekakav pozdrav, pa mu je poznati milicajac rekao da mora s njima po\u0107i odmah u milicijsku <\/span><span style=\"color: #000000;\">stanicu u Duvnu. Doveli su Joskana i uveli u prostoriju gdje je bio samo <\/span><span style=\"color: #000000;\">stol i dvije stolice, posjeli su ga na jednu i rekli da malo sa\u010deka, a oni <\/span><span style=\"color: #000000;\">su izi\u0161li. Sjedio je tako Joskan neko vrijeme i pito se za\u0161to su ga <\/span><span style=\"color: #000000;\">uhapsili i ma koliko se trudio nije mogao na\u0107i razlog. Iz misli ga trzne <\/span><span style=\"color: #000000;\">ulazak jednog milicajca, koji umjesto pozdrava odmah s vrata upita:<\/span><\/p>\n<p><span style=\"color: #000000;\">&#8211; Zna\u0161 li za\u0161to si ovdje?<\/span><\/p>\n<p><span style=\"color: #000000;\">&#8211; \u0160ta ja znam, Boga ti, neka pijana budala na banovu u &#8216;Amburgu zaganga \u0161to <\/span><span style=\"color: #000000;\">se vama ne svi\u0111a, vi uapsite \u010dovika u Crljenicama.<\/span><\/p>\n<p><span style=\"color: #000000;\">&#8211; Gdje si bio u srijedu?<\/span><\/p>\n<p><span style=\"color: #000000;\">&#8211; Gonio \u0107eri beslemu. Boga ti udala se za onog propalicu, neradnika i <\/span><span style=\"color: #000000;\">pijan\u010dinu pa da joj ponekad ne otram malo pure, bra\u0161na, kumpira, masti, <\/span><span style=\"color: #000000;\">sira ona i dica pocrkali bi od gladi.<\/span><\/p>\n<p><span style=\"color: #000000;\">&#8211; Gdje si onda bio?<\/span><\/p>\n<p><span style=\"color: #000000;\">&#8211; Di bi bio Boga ti bio? Vratio sam se ku\u0107i.<\/span><\/p>\n<p><span style=\"color: #000000;\">&#8211; Jesi li koga u povratku ku\u0107i sreo?<\/span><\/p>\n<p><span style=\"color: #000000;\">&#8211; Neka dr\u010dina vi\u0161ala su se o kola dok nisam iza\u0161a iz sela, a pod selom <\/span><span style=\"color: #000000;\">jedan me momak pito more li se povest komad puta.<\/span><\/p>\n<p><span style=\"color: #000000;\">&#8211; Je li ti bilo \u0161ta sumnjivo?<\/span><\/p>\n<p><span style=\"color: #000000;\">&#8211; \u0160ta bi mi bilo sumnjivo, svaki put kad nekud vozim, neko se zabaci na <\/span><span style=\"color: #000000;\">kola i vozi se dio puta, zafali i ode o svom bra\u0161nu.<\/span><\/p>\n<p><span style=\"color: #000000;\">&#8211; Kako je bio obu\u010den taj momak?<\/span><\/p>\n<p><span style=\"color: #000000;\">&#8211; Zelenkasto ko \u0161umar.<\/span><\/p>\n<p><span style=\"color: #000000;\">&#8211; Imo je na sebi vijetnamku i nije ti bio sumnjiv?<\/span><\/p>\n<p><span style=\"color: #000000;\">&#8211; Boga ti, skoro sva mla\u0111arija po selu nose te vitnamke, \u0107a\u0107e im donesu iz Njema\u010dke.<\/span><\/p>\n<p><span style=\"color: #000000;\">&#8211; Je li jo\u0161 \u0161ta imao na sebi?<\/span><\/p>\n<p><span style=\"color: #000000;\">&#8211; Imao je rusak sli\u010dan onima \u0161ta nose oni ludi Slovenci \u0161ta se veru po<\/span><br \/><span style=\"color: #000000;\">planinama.<\/span><\/p>\n<p><span style=\"color: #000000;\">&#8211; Zna\u0161 li ti da je to bio bandit diverzant koji je do\u0161ao ru\u0161iti dr\u017eavu i <\/span><span style=\"color: #000000;\">socijalizam?<\/span><\/p>\n<p><span style=\"color: #000000;\">&#8211; Boga mi je se on od r\u0111e sam sru\u0161io prije neg \u0161to sam ja zamakao za brig.<\/span><\/p>\n<p><span style=\"color: #000000;\">&#8211; Zna\u0161 li da mo\u017ee\u0161 dobiti \u0161est miseci zatvora zbog toga \u0161to ga nisi <\/span><span style=\"color: #000000;\">prijavio.<\/span><\/p>\n<p><span style=\"color: #000000;\">&#8211; Nisam ja te sri\u0107e da se cila litina sredi bez mene, a ja se vratim u <\/span><span style=\"color: #000000;\">jedanaestom misecu na gotovo. Samo lo\u017ei vatru, pr\u017ei, pe\u010di, ji, pij i lezi.<\/span><\/p>\n<p><span style=\"color: #000000;\">&#8211; Ti si narodni neprijatelj!<\/span><\/p>\n<p><span style=\"color: #000000;\">Vodite ga sudiji!<\/span><\/p>\n<p style=\"text-align: right;\">\u00a0<\/p>\n<p style=\"text-align: right;\"><span style=\"color: #000000;\"><strong>Hrvoje Dilber<\/strong><\/span><\/p>","protected":false},"excerpt":{"rendered":"<p>Udruga za informiranje i kulturu Manda u suradnji s Dru\u0161tvom hrvatskih knji\u017eevnika Herceg-Bosne, KIC-om Tomislavgrad i portalom www.mandino-selo.com predstavlja ciklus pri\u010da Duvnjaci za Petra Milo\u0161a, pri\u010d\u0101 kojima su autori Duvnjaci (njih \u0161esnaest), a koje su pristigle na natje\u010daj za kratku &hellip; <a href=\"https:\/\/mandino-selo.com\/wp\/duvnjaci-za-petra-milosa-6\/\">pro\u010ditajte vi\u0161e<\/a><\/p>\n","protected":false},"author":31,"featured_media":124422,"comment_status":"open","ping_status":"open","sticky":false,"template":"","format":"standard","meta":{"ngg_post_thumbnail":0,"kt_blocks_editor_width":"","footnotes":""},"categories":[85],"tags":[],"_links":{"self":[{"href":"https:\/\/mandino-selo.com\/wp\/wp-json\/wp\/v2\/posts\/125042"}],"collection":[{"href":"https:\/\/mandino-selo.com\/wp\/wp-json\/wp\/v2\/posts"}],"about":[{"href":"https:\/\/mandino-selo.com\/wp\/wp-json\/wp\/v2\/types\/post"}],"author":[{"embeddable":true,"href":"https:\/\/mandino-selo.com\/wp\/wp-json\/wp\/v2\/users\/31"}],"replies":[{"embeddable":true,"href":"https:\/\/mandino-selo.com\/wp\/wp-json\/wp\/v2\/comments?post=125042"}],"version-history":[{"count":4,"href":"https:\/\/mandino-selo.com\/wp\/wp-json\/wp\/v2\/posts\/125042\/revisions"}],"predecessor-version":[{"id":125095,"href":"https:\/\/mandino-selo.com\/wp\/wp-json\/wp\/v2\/posts\/125042\/revisions\/125095"}],"wp:featuredmedia":[{"embeddable":true,"href":"https:\/\/mandino-selo.com\/wp\/wp-json\/wp\/v2\/media\/124422"}],"wp:attachment":[{"href":"https:\/\/mandino-selo.com\/wp\/wp-json\/wp\/v2\/media?parent=125042"}],"wp:term":[{"taxonomy":"category","embeddable":true,"href":"https:\/\/mandino-selo.com\/wp\/wp-json\/wp\/v2\/categories?post=125042"},{"taxonomy":"post_tag","embeddable":true,"href":"https:\/\/mandino-selo.com\/wp\/wp-json\/wp\/v2\/tags?post=125042"}],"curies":[{"name":"wp","href":"https:\/\/api.w.org\/{rel}","templated":true}]}}