{"id":124740,"date":"2022-10-16T20:15:37","date_gmt":"2022-10-16T18:15:37","guid":{"rendered":"http:\/\/mandino-selo.com\/wp\/?p=124740"},"modified":"2022-10-16T20:18:07","modified_gmt":"2022-10-16T18:18:07","slug":"zupne-obavijesti-xxix-nedjelja-kroz-godinu-5","status":"publish","type":"post","link":"https:\/\/mandino-selo.com\/wp\/zupne-obavijesti-xxix-nedjelja-kroz-godinu-5\/","title":{"rendered":"\u017dUPNE OBAVIJESTI: XXIX. nedjelja kroz godinu"},"content":{"rendered":"<ol>\n<li><strong> SV. MISE U IDU\u0106EM TJEDNU <\/strong><\/li>\n<\/ol>\n<table width=\"92%\">\n<tbody>\n<tr>\n<td width=\"26%\"><span style=\"color: #000000;\">17.10. Ponedjeljak<\/span><\/td>\n<td width=\"73%\"><span style=\"color: #000000;\">Iva Sli\u0161ko ud. Mirkova za sve svoje ++<\/span><\/td>\n<\/tr>\n<tr>\n<td width=\"26%\"><span style=\"color: #000000;\">18.10. Utorak<\/span><\/td>\n<td width=\"73%\"><span style=\"color: #000000;\">Za + Matu Sko\u010dibu\u0161i\u0107a<\/span><\/td>\n<\/tr>\n<tr>\n<td width=\"26%\"><span style=\"color: #000000;\">19.10. Srijeda<\/span><\/td>\n<td width=\"73%\"><span style=\"color: #000000;\">Ivan i Nevenka Kri\u0161ti\u0107 za sve svoje ++<\/span><\/td>\n<\/tr>\n<tr>\n<td width=\"26%\"><span style=\"color: #000000;\">20.10. \u010cetvrtak<\/span><\/td>\n<td width=\"73%\"><span style=\"color: #000000;\">Za + Ginu Bebek i sve ++ iz obitelji<\/span><\/td>\n<\/tr>\n<tr>\n<td width=\"26%\"><span style=\"color: #000000;\">21.10. Petak<\/span><\/td>\n<td width=\"73%\"><span style=\"color: #000000;\">Marija D\u017eanki\u0107 za sve svoje ++<\/span><\/td>\n<\/tr>\n<tr>\n<td width=\"26%\"><span style=\"color: #000000;\">22.10. Subota<\/span><\/td>\n<td width=\"73%\"><span style=\"color: #000000;\">Mate i Dragica Gali\u0107 za sve svoje ++<\/span><\/td>\n<\/tr>\n<\/tbody>\n<\/table>\n<ol start=\"2\">\n<li>I<span style=\"color: #000000;\">du\u0107e nedjelje sv. mise su u 8,00; 9,30 i u 11,00h<\/span><\/li>\n<li><span style=\"color: #000000;\">Idu\u0107u subotu je \u0111akonsko re\u0111enje fra Venancija Mali\u0107a. Re\u0111enje je predvi\u0111eno u Mostarskoj katedrali u 11 sati. Pozivamo sve \u017eupljane da, ukoliko ne mogu prisustvovati ovom doga\u0111aju, fra Venancija uklju\u010de u svoje molitvene nakane.<\/span><\/li>\n<li><span style=\"color: #000000;\">Idu\u0107u subotu ne\u0107emo imati redovne sastanke ministranata, krizmanika kao ni malog dje\u010djeg zbora. Mali dje\u010dji zbor umjesto u subotu imat \u0107e probu u petak u 14h. A veliki \u017eupni zbor ima svoje probe srijedom nakon ve\u010dernje mise. Novi \u010dlanovi su dobrodo\u0161li.<\/span><\/li>\n<li><span style=\"color: #000000;\">Idu\u0107a nedjelja je misijska nedjelja, molimo za sve misionare i misijska podru\u010dja. Sva prikupljena milostinja namijenjena je za pomo\u0107 misija.<\/span><\/li>\n<li><span style=\"color: #000000;\">Nastavljamo listopadsku pobo\u017enost u \u010dast B.D.M. Kroz cijeli mjesec, osim nedjelje i ako se posebno ne naglasi, molimo Gospinu krunicu. Molitva krunice zapo\u010dinje u 17.30h i u Bor\u010danima i u Kongori. Nakon krunice, u 18h u \u017eupnoj crkvi slavimo svetu misu. Kroz ovaj mjesec nema jutarnje sv. mise.<\/span><\/li>\n<li><span style=\"color: #000000;\">U na\u0161u redovni\u010dku zajednicu stigla je jo\u0161 jedna sestra. To je sestra Lucija Grgi\u0107 rodom iz Jajca. Stigla nam je iz Zagreba i \u017eelimo joj dobrodo\u0161licu u na\u0161u \u017eupski zajednicu.<\/span><\/li>\n<\/ol>\n","protected":false},"excerpt":{"rendered":"<p>SV. MISE U IDU\u0106EM TJEDNU 17.10. Ponedjeljak Iva Sli\u0161ko ud. Mirkova za sve svoje ++ 18.10. Utorak Za + Matu Sko\u010dibu\u0161i\u0107a 19.10. Srijeda Ivan i Nevenka Kri\u0161ti\u0107 za sve svoje ++ 20.10. \u010cetvrtak Za + Ginu Bebek i sve ++ &hellip; <a href=\"https:\/\/mandino-selo.com\/wp\/zupne-obavijesti-xxix-nedjelja-kroz-godinu-5\/\">pro\u010ditajte vi\u0161e<\/a><\/p>\n","protected":false},"author":31,"featured_media":124741,"comment_status":"open","ping_status":"open","sticky":false,"template":"","format":"standard","meta":{"ngg_post_thumbnail":0,"kt_blocks_editor_width":"","footnotes":""},"categories":[24],"tags":[],"_links":{"self":[{"href":"https:\/\/mandino-selo.com\/wp\/wp-json\/wp\/v2\/posts\/124740"}],"collection":[{"href":"https:\/\/mandino-selo.com\/wp\/wp-json\/wp\/v2\/posts"}],"about":[{"href":"https:\/\/mandino-selo.com\/wp\/wp-json\/wp\/v2\/types\/post"}],"author":[{"embeddable":true,"href":"https:\/\/mandino-selo.com\/wp\/wp-json\/wp\/v2\/users\/31"}],"replies":[{"embeddable":true,"href":"https:\/\/mandino-selo.com\/wp\/wp-json\/wp\/v2\/comments?post=124740"}],"version-history":[{"count":2,"href":"https:\/\/mandino-selo.com\/wp\/wp-json\/wp\/v2\/posts\/124740\/revisions"}],"predecessor-version":[{"id":124743,"href":"https:\/\/mandino-selo.com\/wp\/wp-json\/wp\/v2\/posts\/124740\/revisions\/124743"}],"wp:featuredmedia":[{"embeddable":true,"href":"https:\/\/mandino-selo.com\/wp\/wp-json\/wp\/v2\/media\/124741"}],"wp:attachment":[{"href":"https:\/\/mandino-selo.com\/wp\/wp-json\/wp\/v2\/media?parent=124740"}],"wp:term":[{"taxonomy":"category","embeddable":true,"href":"https:\/\/mandino-selo.com\/wp\/wp-json\/wp\/v2\/categories?post=124740"},{"taxonomy":"post_tag","embeddable":true,"href":"https:\/\/mandino-selo.com\/wp\/wp-json\/wp\/v2\/tags?post=124740"}],"curies":[{"name":"wp","href":"https:\/\/api.w.org\/{rel}","templated":true}]}}