{"id":118531,"date":"2022-04-27T23:31:00","date_gmt":"2022-04-27T21:31:00","guid":{"rendered":"http:\/\/mandino-selo.com\/wp\/?p=118531"},"modified":"2022-04-28T08:35:19","modified_gmt":"2022-04-28T06:35:19","slug":"simicevi-susreti-u-mostaru-poetski-kolaz-i-predstavljanje-knjige-izabrane-pjesme-antuna-branka-simica","status":"publish","type":"post","link":"https:\/\/mandino-selo.com\/wp\/simicevi-susreti-u-mostaru-poetski-kolaz-i-predstavljanje-knjige-izabrane-pjesme-antuna-branka-simica\/","title":{"rendered":"&#8220;\u0160IMI\u0106EVI SUSRETI U MOSTARU&#8221; &#8211; poetski kola\u017e i predstavljanje knjige \u201eIzabrane pjesme Antuna Branka \u0160imi\u0107a\u201c"},"content":{"rendered":"<p><span style=\"color: #000000;\">U Mostaru je danas kod spomenika Antunu Branku \u0160imi\u0107 polo\u017eeno cvije\u0107e nakon \u010dega je u Hrvatskom domu hercega Stjepana Kosa\u010de uprili\u010den poetski kola\u017e i predstavljana knjiga \u201eIzabrane pjesme Antuna Branka \u0160imi\u0107a\u201c. Ovaj doga\u0111aj uprili\u010den je u okviru manifestacije &#8220;59. \u0160imi\u0107evi susreti&#8221;, a organiziralo ga je Dru\u0161tvo hrvatskih knji\u017eevnika Herceg Bosne u suradnji s Organizacijskim odborom \u0160imi\u0107evih susreta.<\/span><\/p>\n<p><span style=\"color: #000000;\">Pjesni\u010dki recital, kola\u017e \u0160imi\u0107evih stihova, pripremili su i izveli u\u010denici Osnovne \u0161kole Antuna Branka \u0160imi\u0107a iz Mostara i \u010dlanovi Kluba studenata hrvatskog jezika \u201eFranjo Mili\u0107evi\u0107\u201d s Filozofskog fakulteta Sveu\u010dili\u0161ta u Mostaru.<\/span><\/p>\n<p><span style=\"color: #000000;\">Skup su pozdravili na\u010delnik op\u0107ine Grude Ljubo Grizelj, u ime Organizacijskoga odbora \u0160imi\u0107evih susreta i Zvonko Milas, dr\u017eavni tajnik Sredi\u0161njega dr\u017eavnoga ureda za Hrvate izvan Republike Hrvatske.<\/span><\/p>\n<p><span style=\"color: #000000;\">\u201eDogodine slavimo 60. obljetnicu ove najdugovje\u010dnije kulturne manifestacije u BiH i drago mi je da moj ured ima sudioni\u0161tvo u cijelom tom prelijepom kolopletu spomena i sje\u0107anja na bra\u0107u \u0160imi\u0107, Antuna i Stanislava\u201c, izjavio je Zvonko Milas, dr\u017eavni tajnik Sredi\u0161njega dr\u017eavnoga ureda za Hrvate izvan Republike Hrvatske.<\/span><\/p>\n<p><span style=\"color: #000000;\">\u201eA. B. \u0160imi\u0107 je knji\u017eevna veli\u010dina u Hrvata, podrijetlom je iz na\u0161e op\u0107ine, to\u010dnije iz Drinovaca. Mi njega nesebi\u010dno dijelimo, njegovo kulturnu ste\u010devinu i njegova djela, s cijelim hrvatskim narodom, pa i s cijelim svijetom. Neobi\u010dno mi je drago \u0161to jedna \u0161kola u Mostaru dugi niz godina nosi naziv po njemu i upravo zbog toga smo danas u Mostaru. Kod mladih moramo osvijestiti i sa\u010duvati memoriju na jednog velikog pjesnika. Njegova djela su vje\u010dna te je sje\u0107anje na njega vrlo va\u017eno\u201c, izjavio je na\u010delnik Ljubo Grizelj.<\/span><\/p>\n<p><span style=\"color: #000000;\">Ovom prilikom predstavljena je i knjiga \u201eIzabrane pjesme Antuna Branka \u0160imi\u0107a\u201c, koja je objavljena u nakladi Op\u0107ine Grude i Organizacijskoga odbora \u0160imi\u0107evih susreta. O knjizi je govorio i na \u0160imi\u0107evo knji\u017eevno djelo osvrnuo se predsjednik Dru\u0161tva hrvatskih knji\u017eevnika Herceg-Bosne (DHK HB) Ivan Bakovi\u0107, koji je, izme\u0111u ostaloga, rekao: \u201eU ovoj knjizi se nalazi stotinu pjesama izabranih iz opusa A. B. \u0160imi\u0107a kojima je on &#8216;udahnuo ne\u0161to od sebe: du\u0161u&#8217;. Za odgovor na pitanje \u0161to je nama \u0160imi\u0107 danas i za\u0161to nam treba jo\u0161 jedan ovakav izbor iz njegove poezije (i svi sljede\u0107i izbori njegove poezije koji \u0107e se u budu\u0107nosti pojaviti) poslu\u017eit \u0107emo se mi\u0161lju prof. Miroslava Palamete: &#8216;\u0160imi\u0107eve pjesme \u010ditaju se danas uglavnom s osje\u0107anjem koje isklju\u010duje protok godina i razmak koji odvaja dana\u0161nje vrijeme od onoga u kome su one napisane. Njihova svje\u017eina, neposrednost i misaona aktualnost, koje se do\u017eivljava i u mnogim proznim tekstovima, potvr\u0111uje \u0160imi\u0107a na\u0161im suvremenikom&#8217;.\u201c<\/span><\/p>\n\n\n<figure class=\"wp-block-gallery columns-1 is-cropped wp-block-gallery-1 is-layout-flex wp-block-gallery-is-layout-flex\"><ul class=\"blocks-gallery-grid\"><li class=\"blocks-gallery-item\"><figure><img loading=\"lazy\" decoding=\"async\" width=\"1024\" height=\"682\" src=\"http:\/\/mandino-selo.com\/wp\/wp-content\/uploads\/2022\/04\/5-1024x682.jpeg\" alt=\"\" data-id=\"118533\" data-link=\"http:\/\/mandino-selo.com\/wp\/?attachment_id=118533\" class=\"wp-image-118533\" srcset=\"https:\/\/mandino-selo.com\/wp\/wp-content\/uploads\/2022\/04\/5-1024x682.jpeg 1024w, https:\/\/mandino-selo.com\/wp\/wp-content\/uploads\/2022\/04\/5-350x233.jpeg 350w, https:\/\/mandino-selo.com\/wp\/wp-content\/uploads\/2022\/04\/5-768x512.jpeg 768w, https:\/\/mandino-selo.com\/wp\/wp-content\/uploads\/2022\/04\/5-1536x1023.jpeg 1536w, https:\/\/mandino-selo.com\/wp\/wp-content\/uploads\/2022\/04\/5.jpeg 2048w\" sizes=\"(max-width: 1024px) 100vw, 1024px\" \/><\/figure><\/li><li class=\"blocks-gallery-item\"><figure><img loading=\"lazy\" decoding=\"async\" width=\"2048\" height=\"1364\" src=\"http:\/\/mandino-selo.com\/wp\/wp-content\/uploads\/2022\/04\/2-1024x682.jpeg\" alt=\"\" data-id=\"118534\" data-full-url=\"http:\/\/mandino-selo.com\/wp\/wp-content\/uploads\/2022\/04\/2.jpeg\" data-link=\"http:\/\/mandino-selo.com\/wp\/?attachment_id=118534\" class=\"wp-image-118534\" srcset=\"https:\/\/mandino-selo.com\/wp\/wp-content\/uploads\/2022\/04\/2-1024x682.jpeg 1024w, https:\/\/mandino-selo.com\/wp\/wp-content\/uploads\/2022\/04\/2-350x233.jpeg 350w, https:\/\/mandino-selo.com\/wp\/wp-content\/uploads\/2022\/04\/2-768x512.jpeg 768w, https:\/\/mandino-selo.com\/wp\/wp-content\/uploads\/2022\/04\/2-1536x1023.jpeg 1536w, https:\/\/mandino-selo.com\/wp\/wp-content\/uploads\/2022\/04\/2.jpeg 2048w\" sizes=\"(max-width: 2048px) 100vw, 2048px\" \/><\/figure><\/li><li class=\"blocks-gallery-item\"><figure><img loading=\"lazy\" decoding=\"async\" width=\"1024\" height=\"682\" src=\"http:\/\/mandino-selo.com\/wp\/wp-content\/uploads\/2022\/04\/3-1024x682.jpeg\" alt=\"\" data-id=\"118535\" data-full-url=\"http:\/\/mandino-selo.com\/wp\/wp-content\/uploads\/2022\/04\/3.jpeg\" data-link=\"http:\/\/mandino-selo.com\/wp\/?attachment_id=118535\" class=\"wp-image-118535\" srcset=\"https:\/\/mandino-selo.com\/wp\/wp-content\/uploads\/2022\/04\/3-1024x682.jpeg 1024w, https:\/\/mandino-selo.com\/wp\/wp-content\/uploads\/2022\/04\/3-350x233.jpeg 350w, https:\/\/mandino-selo.com\/wp\/wp-content\/uploads\/2022\/04\/3-768x512.jpeg 768w, https:\/\/mandino-selo.com\/wp\/wp-content\/uploads\/2022\/04\/3-1536x1023.jpeg 1536w, https:\/\/mandino-selo.com\/wp\/wp-content\/uploads\/2022\/04\/3.jpeg 2048w\" sizes=\"(max-width: 1024px) 100vw, 1024px\" \/><\/figure><\/li><\/ul><\/figure>\n","protected":false},"excerpt":{"rendered":"<p>U Mostaru je danas kod spomenika Antunu Branku \u0160imi\u0107 polo\u017eeno cvije\u0107e nakon \u010dega je u Hrvatskom domu hercega Stjepana Kosa\u010de uprili\u010den poetski kola\u017e i predstavljana knjiga \u201eIzabrane pjesme Antuna Branka \u0160imi\u0107a\u201c. Ovaj doga\u0111aj uprili\u010den je u okviru manifestacije &#8220;59. \u0160imi\u0107evi &hellip; <a href=\"https:\/\/mandino-selo.com\/wp\/simicevi-susreti-u-mostaru-poetski-kolaz-i-predstavljanje-knjige-izabrane-pjesme-antuna-branka-simica\/\">pro\u010ditajte vi\u0161e<\/a><\/p>\n","protected":false},"author":31,"featured_media":118532,"comment_status":"open","ping_status":"open","sticky":false,"template":"","format":"standard","meta":{"ngg_post_thumbnail":0,"kt_blocks_editor_width":"","footnotes":""},"categories":[3],"tags":[],"_links":{"self":[{"href":"https:\/\/mandino-selo.com\/wp\/wp-json\/wp\/v2\/posts\/118531"}],"collection":[{"href":"https:\/\/mandino-selo.com\/wp\/wp-json\/wp\/v2\/posts"}],"about":[{"href":"https:\/\/mandino-selo.com\/wp\/wp-json\/wp\/v2\/types\/post"}],"author":[{"embeddable":true,"href":"https:\/\/mandino-selo.com\/wp\/wp-json\/wp\/v2\/users\/31"}],"replies":[{"embeddable":true,"href":"https:\/\/mandino-selo.com\/wp\/wp-json\/wp\/v2\/comments?post=118531"}],"version-history":[{"count":1,"href":"https:\/\/mandino-selo.com\/wp\/wp-json\/wp\/v2\/posts\/118531\/revisions"}],"predecessor-version":[{"id":118536,"href":"https:\/\/mandino-selo.com\/wp\/wp-json\/wp\/v2\/posts\/118531\/revisions\/118536"}],"wp:featuredmedia":[{"embeddable":true,"href":"https:\/\/mandino-selo.com\/wp\/wp-json\/wp\/v2\/media\/118532"}],"wp:attachment":[{"href":"https:\/\/mandino-selo.com\/wp\/wp-json\/wp\/v2\/media?parent=118531"}],"wp:term":[{"taxonomy":"category","embeddable":true,"href":"https:\/\/mandino-selo.com\/wp\/wp-json\/wp\/v2\/categories?post=118531"},{"taxonomy":"post_tag","embeddable":true,"href":"https:\/\/mandino-selo.com\/wp\/wp-json\/wp\/v2\/tags?post=118531"}],"curies":[{"name":"wp","href":"https:\/\/api.w.org\/{rel}","templated":true}]}}