{"id":118496,"date":"2022-04-24T23:41:00","date_gmt":"2022-04-24T21:41:00","guid":{"rendered":"http:\/\/mandino-selo.com\/wp\/?p=118496"},"modified":"2022-04-25T11:45:55","modified_gmt":"2022-04-25T09:45:55","slug":"zupne-obavijesti-ii-vazmena-nedjelja-nedjelja-bozanskog-milosrda-4","status":"publish","type":"post","link":"https:\/\/mandino-selo.com\/wp\/zupne-obavijesti-ii-vazmena-nedjelja-nedjelja-bozanskog-milosrda-4\/","title":{"rendered":"\u017dUPNE OBAVIJESTI: II. vazmena nedjelja \u2013 Nedjelja Bo\u017eanskog milosr\u0111a"},"content":{"rendered":"<p><span style=\"color: #000000;\">Svete mise u idu\u0107em tjednu:<\/span><\/p>\n<p><span style=\"color: #000000;\"><strong>PONEDJELJAK:<\/strong><\/span><\/p>\n<p><span style=\"color: #000000;\">Ilija i Ivanka Galir sve svoje pokojne<\/span><\/p>\n<p><span style=\"color: #000000;\"><strong>UTORAK:<\/strong><\/span><\/p>\n<p><span style=\"color: #000000;\">Za pok. Antu Sko\u010dibu\u0161i\u0107a<\/span><\/p>\n<p><span style=\"color: #000000;\"><strong>SRIJEDA:<\/strong><\/span><\/p>\n<p><span style=\"color: #000000;\">Ante i Jela Mati\u0107 za sve svoje pokojne<\/span><\/p>\n<p><span style=\"color: #000000;\"><strong>\u010cETVRTAK:<\/strong><\/span><\/p>\n<p><span style=\"color: #000000;\">Ante i Iva Kne\u017eevi\u0107 za sve svoje pokojne<\/span><\/p>\n<p><span style=\"color: #000000;\"><strong>PETAK:<\/strong><\/span><\/p>\n<p><span style=\"color: #000000;\">Za pok. \u0160imuna A\u0161\u010di\u0107a<\/span><\/p>\n<p><span style=\"color: #000000;\"><strong>SUBOTA:<\/strong><\/span><\/p>\n<p><span style=\"color: #000000;\">Za pok. Antu Gali\u0107a<\/span><\/p>\n<p><span style=\"color: #000000;\"><strong>NEDJELJA:<\/strong><\/span><\/p>\n<p><span style=\"color: #000000;\">8:00 \u2013 Kongora<\/span><\/p>\n<p><span style=\"color: #000000;\">9:30\u00a0 \u2013 Bor\u010dani<\/span><\/p>\n<p><span style=\"color: #000000;\">11:00 \u2013 Blagoslov polja na lipskom groblju<\/span><\/p>\n<ol start=\"2\">\n<li><span style=\"color: #000000;\">2<strong>. Idu\u0107e nedjelje svete mise<\/strong> su u 8:00 u Kongori, u 9:30 u Bor\u010danima, u 11:00 u Kongori.<\/span><\/li>\n<li><span style=\"color: #000000;\"><strong>U petak u 16 sati<\/strong> je vjeronauk za prvopri\u010desnike.<\/span><\/li>\n<li><span style=\"color: #000000;\"><strong>U subotu u 9 sati<\/strong> je vjeronauk za prvopri\u010desnike, a u 10 sati je sastanak za ministrante.<\/span><\/li>\n<li><span style=\"color: #000000;\"><strong>\u017deni se Kristijan Kelava<\/strong>, sin pok. Joze i Dragice ro\u0111. Krajina iz Ro\u0161ka Polja (\u017eivi u Adelhausenu-Njema\u010dka) <strong>i uzima Ivu \u0160arac<\/strong>, k\u0107i pok. Joze i An\u0111e ro\u0111. Papi\u0107 iz Mandina Sela.<\/span><\/li>\n<li><span style=\"color: #000000;\">Za grijanje su dali:<\/span><\/li>\n<li><span style=\"color: #000000;\">Za crkvu su dali:\u2026 O\u010de na\u0161\u2026<\/span><\/li>\n<\/ol>\n<p><span style=\"color: #003366;\">Izvor: <strong>\u017dupni ured Kongora<\/strong><\/span><\/p>\n\n\n<p><\/p>\n","protected":false},"excerpt":{"rendered":"<p>Svete mise u idu\u0107em tjednu: PONEDJELJAK: Ilija i Ivanka Galir sve svoje pokojne UTORAK: Za pok. Antu Sko\u010dibu\u0161i\u0107a SRIJEDA: Ante i Jela Mati\u0107 za sve svoje pokojne \u010cETVRTAK: Ante i Iva Kne\u017eevi\u0107 za sve svoje pokojne PETAK: Za pok. \u0160imuna &hellip; <a href=\"https:\/\/mandino-selo.com\/wp\/zupne-obavijesti-ii-vazmena-nedjelja-nedjelja-bozanskog-milosrda-4\/\">pro\u010ditajte vi\u0161e<\/a><\/p>\n","protected":false},"author":31,"featured_media":118497,"comment_status":"open","ping_status":"open","sticky":false,"template":"","format":"standard","meta":{"ngg_post_thumbnail":0,"kt_blocks_editor_width":"","footnotes":""},"categories":[24],"tags":[],"_links":{"self":[{"href":"https:\/\/mandino-selo.com\/wp\/wp-json\/wp\/v2\/posts\/118496"}],"collection":[{"href":"https:\/\/mandino-selo.com\/wp\/wp-json\/wp\/v2\/posts"}],"about":[{"href":"https:\/\/mandino-selo.com\/wp\/wp-json\/wp\/v2\/types\/post"}],"author":[{"embeddable":true,"href":"https:\/\/mandino-selo.com\/wp\/wp-json\/wp\/v2\/users\/31"}],"replies":[{"embeddable":true,"href":"https:\/\/mandino-selo.com\/wp\/wp-json\/wp\/v2\/comments?post=118496"}],"version-history":[{"count":2,"href":"https:\/\/mandino-selo.com\/wp\/wp-json\/wp\/v2\/posts\/118496\/revisions"}],"predecessor-version":[{"id":118499,"href":"https:\/\/mandino-selo.com\/wp\/wp-json\/wp\/v2\/posts\/118496\/revisions\/118499"}],"wp:featuredmedia":[{"embeddable":true,"href":"https:\/\/mandino-selo.com\/wp\/wp-json\/wp\/v2\/media\/118497"}],"wp:attachment":[{"href":"https:\/\/mandino-selo.com\/wp\/wp-json\/wp\/v2\/media?parent=118496"}],"wp:term":[{"taxonomy":"category","embeddable":true,"href":"https:\/\/mandino-selo.com\/wp\/wp-json\/wp\/v2\/categories?post=118496"},{"taxonomy":"post_tag","embeddable":true,"href":"https:\/\/mandino-selo.com\/wp\/wp-json\/wp\/v2\/tags?post=118496"}],"curies":[{"name":"wp","href":"https:\/\/api.w.org\/{rel}","templated":true}]}}