{"id":106916,"date":"2021-04-02T11:00:43","date_gmt":"2021-04-02T09:00:43","guid":{"rendered":"http:\/\/mandino-selo.com\/wp\/?p=106916"},"modified":"2021-04-02T11:01:40","modified_gmt":"2021-04-02T09:01:40","slug":"i-z-p-r-o-l-a-z-n-o-g-u-n-e-p-r-o-l-a-z-n-o","status":"publish","type":"post","link":"https:\/\/mandino-selo.com\/wp\/i-z-p-r-o-l-a-z-n-o-g-u-n-e-p-r-o-l-a-z-n-o\/","title":{"rendered":"IZ\u00a0PROLAZNOG\u00a0U\u00a0NEPROLAZNO"},"content":{"rendered":"<p><span style=\"color: #000000;\"><strong>&nbsp;&nbsp; <\/strong>Dok sam ju\u010der ljudiko i pio kavu s ro\u0111acima i prijateljima, bilo nas je pet, rodijak Iko me upita:<\/span><\/p>\n<p><span style=\"color: #000000;\">&nbsp;&nbsp; -\u010cega si se ti Bari\u0161a odreko ove godine u korizmi?<\/span><\/p>\n<p><span style=\"color: #000000;\">&nbsp;&nbsp; Jedva sam do\u010deko da me to neko upita:<\/span><\/p>\n<p><span style=\"color: #000000;\">&nbsp;&nbsp; -Ja se nisam, rodija\u010de, ni\u010deg va\u017enog odreko, ali se jesam zareko da \u0107u u korizmi detaljnije pro\u010ditat knjigu <em>Objedinjeno evan\u0111elje<\/em> (na dvije stranice ima\u0161 paralelno tekstove sva \u010detiri evan\u0111elista), koju je za tisak priredio \u010dovik rodom od Dervente, jo\u0161 je \u017eiv, navr\u0161io je vi\u0161e od devedeset godina, Filip \u0106orluki\u0107. Knjigu je objavila Naklada <em>Ceres<\/em>. Bolje \u0161tivo, kao pripremu za Uskrs, nisam mogo prona\u0107. Prije par godina sam pro\u010dito od tog istog \u010dovika knjigu koja nosi naslov <em>Moje sje\u0107anje na minulo stolje\u0107e <\/em>i sazno da je \u0106orluki\u0107 ko \u0161ipak pun \u017eivotnog iskustva. Mo\u017eete mislit \u0161ta je sve pro\u017eivio, do\u017eivio i pre\u017eivio jedan fizi\u010dar, filozof, knji\u017eevnik, ro\u0111en 1928., \u017eive\u0107i i rade\u0107i na relaciji Derventa-Beograd-Zagreb-Pula i dr\u017eava Etiopija. Njegovo djelo od dvanaest objavljenih knjiga moralo bi biti obvezna literatura za na\u0161e srednjo\u0161kolce. \u010citaju\u0107i paralelno sva \u010detiri objedinjena evan\u0111elista, \u010dovik se nekad osi\u0107a kao da ih prvi put \u010dita. Priporu\u010dam ovo vridno dilo gospodina \u0106orluki\u0107a svakome ko se \u017eeli jo\u0161 vi\u0161e pribli\u017eit Bogu.<\/span><\/p>\n<p><span style=\"color: #000000;\">&nbsp;&nbsp; A o\u0107e li odlazak na\u0161eg Pape, ovih dana, u Mezopotamiju, Irak, pribli\u017eit Bogu vi\u0161e i kr\u0161\u0107ane i muslimane, vidit \u0107emo. Pona\u0161anje mnogih islamista po Evropi nije u duhu zbli\u017eavanja sa starosjediocima, nego u nasilni\u010dkom antikr\u0161\u0107anskom duhu. Neke evropske dr\u017eave su to kona\u010dno shvatile pa su po\u010dele zabranjivati imamima propovijedi na arapskom u d\u017eamijama, kao npr. Austrija, Francuska, Danska\u2026 Danska je zabranila \u010dak i Nijemcima da propovidaju u Danskoj na njema\u010dkom. O\u0107e li i na\u0161im misionarima biti zabranjeno propovidati na rvackom po hrvackim katoli\u010dkim misijama po svitu? \u0160ta ka\u017eu na\u0161i biskupi? Bolje je sprije\u010dit nego lije\u010dit. Evropske globalisti\u010dke politutke, da bi opravdali zabrane propovidanja islamistima, ve\u0107 su po\u010deli zabranjivati i propovidanje Isusova nauka&nbsp; kr\u0161\u0107anima.<\/span><\/p>\n<p><span style=\"color: #000000;\">&nbsp;&nbsp; A \u0161to ako u najavljene covid<em> putovnice<\/em> globalisti po\u010dnu unositi i vjersku pripadnost? Ne o\u010dekujmo nikakvo dobro od onih koji u temeljnom aktu Eunije nisu spomenuli ni Boga, ni kr\u0161\u0107anstvo.. Globalisti, opet ka\u017eem, oni koji su ve\u0107e zlo za \u010dovje\u010danstvo nego nacisti, komunisti i fa\u0161isti zajedno, ste\u017eu obru\u010d oko nas zemljana, iz zraka i sa zemlje, sve dok nas ne svedu na broj \u017eivih koji su oni zamislili &#8211; oko dvi milijarde.<\/span><\/p>\n<p><span style=\"color: #000000;\">&nbsp;&nbsp; Ako nas globalni sotonisti prisile na pelcovanje protiv zaraze, koju su oni stvorili i svima nama nametnuli, ne smiju nas natjerati i na hidroizolaciju. Ve\u0107 sam piso na kakvu hidroizolaciju mislim. Ne brane oni slu\u010dajno ispijanje aperitiva 42 dana poslije pelcovanja. Jadan ti je onaj koji ih poslu\u0161a. To su njihove metode zastra\u0161ivanja kao i u svim televizijskim vistima krvoli\u010dno zabijanje igala u ramena lakovirni ljudi. Ko tu koga i za\u0161to pla\u0161i? Pa neki ljudi ne mogu vidit ni bile kute a kamo li da neko nekome, iglu kao strilu, zabija u zdravo rame. Nemojmo se za\u010duditi, prijatelji moji, ako se i kod nas, zasad dragovoljno, pelcovanje promine u obvezno. <em>Pa ko pogine nek se ne spominje, ko ostane vesela mu majka,<\/em> ka\u017ee rvacka juna\u010dka pisma. Ne zaboravimo da kod nas Rvata ve\u0107 godinu dana traje policijski sat. Zar na \u010delu tzv. Sto\u017eera nije ministar policije, \u0110avlinovi\u0107? On i Euron odlu\u010duju o svemu, a Papak, Rotar i Alatka su samo izvr\u0161ni poslu\u0161nici.<\/span><\/p>\n<p><span style=\"color: #000000;\">&nbsp;&nbsp; Mediji u Rvackoj sve to znaju, ali \u0161ute, kupljeni su, na\u017ealost. Rvacka ne\u0107e biti zaozbilj dr\u017eava rvackog naroda sve dok u njoj monopol na informaciju imaju protuhrvatski mediji. Kad \u0107emo ve\u0107 jednom shvatiti da nas je jugo\u010detni\u010dka banda okupirala od Zagreba do Mostara? Do kada \u0107emo ih trpiti?<\/span><\/p>\n<p><span style=\"color: #000000;\">&nbsp;&nbsp; Okvir za trajanje jednog naroda, dr\u017eavu, \u010duva sam narod, vojska i mediji. Vlast se ne mo\u017ee osvojit bez svoji medija, elektroni\u010dki stru\u010dnjaka i hrabrih, stru\u010dnih, dr\u017eavotvornih ljudi; onakvih kakvi su obnovili Rvacku.<\/span><\/p>\n<p><span style=\"color: #000000;\">&nbsp;&nbsp; U takve ljude ne spadaju, sigurno, oni rvacki gra\u0111ani, <em>srboslavci,<\/em> koji su ovih dana bili \u017ealosni \u0161to je umro jedan srpski <em>peva\u010d,<\/em> hrvatomrzac Bala\u0161evi\u0107, i veseli \u0161to je se za srpskog svetosavskog patrijarha ustoli\u010dio \u010dovik koji se preziva Peri\u0107 a zovu ga Porfirije, \u0161to na rvackom zna\u010di, Grimizni. Srboslavci zbog recitatora uz gitaru tuguju a zbog Grimiznog slave, premda \u0107e se sada rje\u0111e mo\u0107i vi\u0111ati sa svojim koordinatorom. Pogledajte samo, \u010ditatelji moji, &nbsp;koga je sve koordinirao, redovito se s njima sastajao, saslu\u0161avao ih i usmjeravao: I. Josipovi\u0107, T. Jakovina, H. Klasi\u0107, R. Bori\u0107, B. Pofuk, V. Matula, D. Jovi\u0107, V. Silobr\u010di\u0107, dva kaatoli\u010dka sve\u0107enika: T. Barun, A. \u0160ulji\u0107\u2026 Reko bi im svima: svi vi koji slavite malobradatog Bala\u0161evi\u0107a i velebradatog Peri\u0107a simpatije ste golobradog Vu\u010di\u0107a.<\/span><\/p>\n<p><span style=\"color: #000000;\">&nbsp;&nbsp; \u010cak i u novije vrime, u katoli\u010dkim medijima sveprisutni, Darko Pavi\u010di\u0107, pi\u0161e u <em>Ve\u010dernjem<\/em> od 25. 02. 2021. da Grimizni \u201enema nikakve veze s \u010detni\u0161tvom\u201c, te da mu je Hrvatska \u201edruga domovina\u201c, \u0161to nije istina; on je reko \u201edruga otad\u017ebina\u201c<\/span><\/p>\n<p><span style=\"color: #000000;\">&nbsp;&nbsp; Da se, kao o vlahosrbima, brinemo o svojoj drugoj, nekom prvoj i jedinoj domovini, ne bi kroz nju prolazila srpska <em>Krvavica<\/em>, ne bi nam u Sarajevu palili zastavu oni koje smo za vrime rata ranili, obla\u010dili, \u0161kolovali, vojno obu\u010davali\u2026<em> Rani sirotu na svoju sramotu,<\/em> na\u0161 narod ka\u017ee.<\/span><\/p>\n<p><span style=\"color: #000000;\">&nbsp;&nbsp; Uskrsli Isuse, oprosti nam i da budemo bli\u017ee tebi, pomozi nam. Tvoja muka, smrt i uskrsnu\u0107e, Bo\u017eji sine, neka bude i na spas na\u0161i gre\u0161ni rvacki du\u0161a, molimo te. Pomozi nam Spasitelju da priko prolaznog zaslu\u017eimo neprolazno, \u017eivot u tvom bo\u017eanskom kraljevstvu!<\/span><\/p>\n<p><span style=\"color: #000000;\">&nbsp;Zagreb, 15. o\u017eujka 2021.&nbsp;&nbsp;&nbsp;&nbsp;&nbsp;&nbsp;&nbsp;&nbsp;&nbsp;&nbsp;&nbsp;&nbsp;&nbsp;&nbsp;&nbsp;&nbsp;&nbsp;&nbsp;&nbsp;&nbsp;&nbsp;&nbsp;&nbsp;&nbsp;&nbsp;&nbsp;&nbsp;&nbsp;&nbsp;&nbsp;&nbsp;&nbsp;&nbsp;&nbsp;&nbsp;&nbsp;&nbsp;&nbsp;&nbsp;&nbsp;&nbsp;&nbsp;&nbsp; &nbsp;&nbsp;&nbsp;&nbsp;&nbsp;&nbsp;&nbsp;&nbsp;&nbsp;<strong>B a r i \u0161 a <\/strong>&nbsp;&nbsp;&nbsp;<\/span><\/p>\n<p><span style=\"color: #333399;\">Izvor:<em> Na\u0161a ognji\u0161ta,<\/em> o\u017eujka 2021.<\/span><\/p>\n","protected":false},"excerpt":{"rendered":"<p>&nbsp;&nbsp; Dok sam ju\u010der ljudiko i pio kavu s ro\u0111acima i prijateljima, bilo nas je pet, rodijak Iko me upita: &nbsp;&nbsp; -\u010cega si se ti Bari\u0161a odreko ove godine u korizmi? &nbsp;&nbsp; Jedva sam do\u010deko da me to neko upita: &hellip; <a href=\"https:\/\/mandino-selo.com\/wp\/i-z-p-r-o-l-a-z-n-o-g-u-n-e-p-r-o-l-a-z-n-o\/\">pro\u010ditajte vi\u0161e<\/a><\/p>\n","protected":false},"author":31,"featured_media":106917,"comment_status":"open","ping_status":"open","sticky":false,"template":"","format":"standard","meta":{"ngg_post_thumbnail":0,"kt_blocks_editor_width":"","footnotes":""},"categories":[17],"tags":[],"_links":{"self":[{"href":"https:\/\/mandino-selo.com\/wp\/wp-json\/wp\/v2\/posts\/106916"}],"collection":[{"href":"https:\/\/mandino-selo.com\/wp\/wp-json\/wp\/v2\/posts"}],"about":[{"href":"https:\/\/mandino-selo.com\/wp\/wp-json\/wp\/v2\/types\/post"}],"author":[{"embeddable":true,"href":"https:\/\/mandino-selo.com\/wp\/wp-json\/wp\/v2\/users\/31"}],"replies":[{"embeddable":true,"href":"https:\/\/mandino-selo.com\/wp\/wp-json\/wp\/v2\/comments?post=106916"}],"version-history":[{"count":2,"href":"https:\/\/mandino-selo.com\/wp\/wp-json\/wp\/v2\/posts\/106916\/revisions"}],"predecessor-version":[{"id":106919,"href":"https:\/\/mandino-selo.com\/wp\/wp-json\/wp\/v2\/posts\/106916\/revisions\/106919"}],"wp:featuredmedia":[{"embeddable":true,"href":"https:\/\/mandino-selo.com\/wp\/wp-json\/wp\/v2\/media\/106917"}],"wp:attachment":[{"href":"https:\/\/mandino-selo.com\/wp\/wp-json\/wp\/v2\/media?parent=106916"}],"wp:term":[{"taxonomy":"category","embeddable":true,"href":"https:\/\/mandino-selo.com\/wp\/wp-json\/wp\/v2\/categories?post=106916"},{"taxonomy":"post_tag","embeddable":true,"href":"https:\/\/mandino-selo.com\/wp\/wp-json\/wp\/v2\/tags?post=106916"}],"curies":[{"name":"wp","href":"https:\/\/api.w.org\/{rel}","templated":true}]}}