{"id":98991,"date":"2022-06-10T07:37:58","date_gmt":"2022-06-10T05:37:58","guid":{"rendered":"http:\/\/mandino-selo.com\/wp\/?p=98991"},"modified":"2022-06-10T07:46:00","modified_gmt":"2022-06-10T05:46:00","slug":"vitez-10-lipnja-dan-sjecanja-na-osmero-ubijene-djece-27-obljetnica-tuge-patnje-i-bola","status":"publish","type":"post","link":"http:\/\/mandino-selo.com\/wp\/vitez-10-lipnja-dan-sjecanja-na-osmero-ubijene-djece-27-obljetnica-tuge-patnje-i-bola\/","title":{"rendered":"VITEZ: 10. lipnja, Dan sje\u0107anja na osmero ubijene djece \u2013 29. obljetnica tuge, patnje i bola"},"content":{"rendered":"<p><span style=\"color: #000000;\">Vite\u017eani, ali i cjelokupna hrvatska javnost 10. lipnja \u0107e se prisjetiti i odr\u017eati obilje\u017eavanje jo\u0161 jedne tu\u017ene, 29. po redu obljetnice stra\u0161nog zlo\u010dina, ubojstva osmero djece, u naselju Podgradina, tijekom proteklog rata, pi\u0161e <a href=\"http:\/\/vitez.info\">vitez.info<\/a><br \/>\n<\/span><\/p>\n<p class=\"td-g-rec td-g-rec-id-content_inlineright tdi_17_e10 td_block_template_12 \"><span style=\"color: #000000;\"><span class=\"td-adspot-title\">&#8211;<\/span><ins class=\"adsbygoogle\" data-ad-client=\"ca-pub-9675315067742290\" data-ad-slot=\"3621014495\" data-adsbygoogle-status=\"done\" data-overlap-observer-io=\"false\"><ins id=\"aswift_1_expand\"><ins id=\"aswift_1_anchor\"><\/ins><\/ins><\/ins>Tog dana, 1993. godine, oko 20 sati i 45 minuta doletjela je navo\u0111ena granata s polo\u017eaja tzv. Armije BiH, kalibra 120 mm, i pala dva metra od 14-ero djece u igri.<\/span><\/p>\n<p><span style=\"color: #000000;\">Na licu mjesta poginulo je petero djece, a troje je preminulo u bolnici. Ostalih \u0161estero djece je ranjeno. Razorna mo\u0107 granate vidjela se po tome \u0161to su roditelji svoju djecu prepoznavali po odje\u0107i i obu\u0107i. Video snimak tog stravi\u010dnog doga\u0111aja, zbog brutalnosti, nije htjela objaviti nijedna inozemna TV mre\u017ea, a u Vitezu je bio stacioniran i BBC.<\/span><\/p>\n<p><span style=\"color: #000000;\">Na obljetnicu jednog od najtu\u017enijih dana u povijesti Viteza \u010dlanovi obitelji poginule djece, prijatelji, sumje\u0161tani, kao i predstavnici udruga proisteklih iz domovinskog rata i predstavnici izvr\u0161no-politi\u010dke vlasti \u0107e polo\u017eiti vijence i upaliti svije\u0107e.<\/span><\/p>\n<p><span style=\"color: #000000;\">Vite\u017eani se uvijek s tugom sje\u0107aju dana kada je od samo jedne minobaca\u010dke granate, ispaljene s polo\u017eaja tzv. Armije BiH, u naselju Podgradina poginulo osmero djece: Sanja Gari\u0107, (1975.), njen brat Milan Gari\u0107 (1981.), Dragan Ramljak (1978.), Dra\u017een \u010ce\u010dura (1978.), Boris Anti\u010devi\u0107 (1983.), Sanja Kri\u017eanovi\u0107 (1978.), Augustina Grebenar (1984.) i njen brat Velimir Grebenar (1981.).<\/span><\/p>\n<p><span style=\"color: #000000;\">Za ovaj stra\u0161ni ratni zlo\u010din nad nedu\u017enom djecom do danas nitko nije procesuiran, niti je odgovarao.<\/span><\/p>\n<p><span style=\"color: #000000;\">Izvor: <a href=\"http:\/\/vitez.info\">vitez.info<\/a><\/span><\/p>\n","protected":false},"excerpt":{"rendered":"<p>Vite\u017eani, ali i cjelokupna hrvatska javnost 10. lipnja \u0107e se prisjetiti i odr\u017eati obilje\u017eavanje jo\u0161 jedne tu\u017ene, 29. po redu obljetnice stra\u0161nog zlo\u010dina, ubojstva osmero djece, u naselju Podgradina, tijekom proteklog rata, pi\u0161e vitez.info &#8211;Tog dana, 1993. godine, oko 20 &hellip; <a href=\"http:\/\/mandino-selo.com\/wp\/vitez-10-lipnja-dan-sjecanja-na-osmero-ubijene-djece-27-obljetnica-tuge-patnje-i-bola\/\">pro\u010ditajte vi\u0161e<\/a><\/p>\n","protected":false},"author":31,"featured_media":98992,"comment_status":"open","ping_status":"open","sticky":false,"template":"","format":"standard","meta":{"ngg_post_thumbnail":0,"kt_blocks_editor_width":"","footnotes":""},"categories":[3],"tags":[],"_links":{"self":[{"href":"http:\/\/mandino-selo.com\/wp\/wp-json\/wp\/v2\/posts\/98991"}],"collection":[{"href":"http:\/\/mandino-selo.com\/wp\/wp-json\/wp\/v2\/posts"}],"about":[{"href":"http:\/\/mandino-selo.com\/wp\/wp-json\/wp\/v2\/types\/post"}],"author":[{"embeddable":true,"href":"http:\/\/mandino-selo.com\/wp\/wp-json\/wp\/v2\/users\/31"}],"replies":[{"embeddable":true,"href":"http:\/\/mandino-selo.com\/wp\/wp-json\/wp\/v2\/comments?post=98991"}],"version-history":[{"count":4,"href":"http:\/\/mandino-selo.com\/wp\/wp-json\/wp\/v2\/posts\/98991\/revisions"}],"predecessor-version":[{"id":119931,"href":"http:\/\/mandino-selo.com\/wp\/wp-json\/wp\/v2\/posts\/98991\/revisions\/119931"}],"wp:featuredmedia":[{"embeddable":true,"href":"http:\/\/mandino-selo.com\/wp\/wp-json\/wp\/v2\/media\/98992"}],"wp:attachment":[{"href":"http:\/\/mandino-selo.com\/wp\/wp-json\/wp\/v2\/media?parent=98991"}],"wp:term":[{"taxonomy":"category","embeddable":true,"href":"http:\/\/mandino-selo.com\/wp\/wp-json\/wp\/v2\/categories?post=98991"},{"taxonomy":"post_tag","embeddable":true,"href":"http:\/\/mandino-selo.com\/wp\/wp-json\/wp\/v2\/tags?post=98991"}],"curies":[{"name":"wp","href":"https:\/\/api.w.org\/{rel}","templated":true}]}}