{"id":80548,"date":"2026-02-02T21:02:48","date_gmt":"2026-02-02T19:02:48","guid":{"rendered":"http:\/\/mandino-selo.com\/wp\/?p=80548"},"modified":"2026-02-02T21:03:17","modified_gmt":"2026-02-02T19:03:17","slug":"sacuvano-od-zaborava-kazimir-sarac-u-livnu-1940","status":"publish","type":"post","link":"http:\/\/mandino-selo.com\/wp\/sacuvano-od-zaborava-kazimir-sarac-u-livnu-1940\/","title":{"rendered":"SA\u010cUVANO OD ZABORAVA: Ka\u017eimir \u0160arac u Livnu (1940.)"},"content":{"rendered":"<p><span style=\"color: #000000;\"><strong>Prednja strana:<\/strong><\/span><\/p>\n<p><span style=\"color: #000000;\">\u0110aci sto\u010darsko-mljekarskog te\u010daj sa nastavnicima<\/span><\/p>\n<p><span style=\"color: #000000;\">Sto\u010darska stanica u Livnu 1940. god.<\/span><\/p>\n<p><span style=\"color: #000000;\"><strong>Stra\u017enja strana:<\/strong><\/span><\/p>\n<p><span style=\"color: #000000;\">Uspomena!<\/span><\/p>\n<p><span style=\"color: #000000;\">Sto\u010darsko-mljekarski te\u010daj u Livnu 16-03-1940<\/span><\/p>\n<p><span style=\"color: #000000;\"><strong>Napomena:<\/strong><\/span><\/p>\n<p><span style=\"color: #000000;\">U gornjem redu, \u010detvrti slijeva Ka\u017eimir \u0160arac iz Mandina Sela.<\/span><\/p>\n\n\n<figure class=\"wp-block-gallery has-nested-images columns-default is-cropped wp-block-gallery-1 is-layout-flex wp-block-gallery-is-layout-flex\">\n<figure class=\"wp-block-image size-large\"><img loading=\"lazy\" decoding=\"async\" width=\"467\" height=\"506\" data-id=\"166334\" src=\"https:\/\/mandino-selo.com\/wp\/wp-content\/uploads\/2026\/02\/1000345328.jpg\" alt=\"\" class=\"wp-image-166334\" srcset=\"http:\/\/mandino-selo.com\/wp\/wp-content\/uploads\/2026\/02\/1000345328.jpg 467w, http:\/\/mandino-selo.com\/wp\/wp-content\/uploads\/2026\/02\/1000345328-323x350.jpg 323w\" sizes=\"(max-width: 467px) 100vw, 467px\" \/><\/figure>\n<\/figure>\n","protected":false},"excerpt":{"rendered":"<p>Prednja strana: \u0110aci sto\u010darsko-mljekarskog te\u010daj sa nastavnicima Sto\u010darska stanica u Livnu 1940. god. Stra\u017enja strana: Uspomena! Sto\u010darsko-mljekarski te\u010daj u Livnu 16-03-1940 Napomena: U gornjem redu, \u010detvrti slijeva Ka\u017eimir \u0160arac iz Mandina Sela.<\/p>\n","protected":false},"author":31,"featured_media":166332,"comment_status":"open","ping_status":"open","sticky":false,"template":"","format":"standard","meta":{"ngg_post_thumbnail":0,"kt_blocks_editor_width":"","footnotes":""},"categories":[19],"tags":[],"_links":{"self":[{"href":"http:\/\/mandino-selo.com\/wp\/wp-json\/wp\/v2\/posts\/80548"}],"collection":[{"href":"http:\/\/mandino-selo.com\/wp\/wp-json\/wp\/v2\/posts"}],"about":[{"href":"http:\/\/mandino-selo.com\/wp\/wp-json\/wp\/v2\/types\/post"}],"author":[{"embeddable":true,"href":"http:\/\/mandino-selo.com\/wp\/wp-json\/wp\/v2\/users\/31"}],"replies":[{"embeddable":true,"href":"http:\/\/mandino-selo.com\/wp\/wp-json\/wp\/v2\/comments?post=80548"}],"version-history":[{"count":3,"href":"http:\/\/mandino-selo.com\/wp\/wp-json\/wp\/v2\/posts\/80548\/revisions"}],"predecessor-version":[{"id":166335,"href":"http:\/\/mandino-selo.com\/wp\/wp-json\/wp\/v2\/posts\/80548\/revisions\/166335"}],"wp:featuredmedia":[{"embeddable":true,"href":"http:\/\/mandino-selo.com\/wp\/wp-json\/wp\/v2\/media\/166332"}],"wp:attachment":[{"href":"http:\/\/mandino-selo.com\/wp\/wp-json\/wp\/v2\/media?parent=80548"}],"wp:term":[{"taxonomy":"category","embeddable":true,"href":"http:\/\/mandino-selo.com\/wp\/wp-json\/wp\/v2\/categories?post=80548"},{"taxonomy":"post_tag","embeddable":true,"href":"http:\/\/mandino-selo.com\/wp\/wp-json\/wp\/v2\/tags?post=80548"}],"curies":[{"name":"wp","href":"https:\/\/api.w.org\/{rel}","templated":true}]}}