{"id":48688,"date":"2017-02-14T10:10:23","date_gmt":"2017-02-14T08:10:23","guid":{"rendered":"http:\/\/mandino-selo.com\/wp\/?p=48688"},"modified":"2017-02-04T20:13:00","modified_gmt":"2017-02-04T18:13:00","slug":"iz-arhive-dzankusica-momak-2","status":"publish","type":"post","link":"http:\/\/mandino-selo.com\/wp\/iz-arhive-dzankusica-momak-2\/","title":{"rendered":"IZ ARHIVE: D\u017eanku\u0161i\u0107a momak"},"content":{"rendered":"<p><span style=\"font-family: 'Arial Unicode MS','sans-serif';\">Vinko Vukadin \u2013 sin Bo\u0161ka D\u017eanku\u0161i\u0107a \u2013 preminuo je prije nekoliko godina, kratko nakon umirovljenja poput puno Mandoseljana koji su krajem pedesetih i po\u010detkom \u0161ezdesetih stasali u odrasle ljude, o\u017eenili se i zaputili u Njema\u010dku.<\/span><\/p>\n<p><span style=\"font-family: 'Arial Unicode MS','sans-serif';\">Ovu sliku poslala nam je Helena, k\u0107i njegova ne\u0107aka Bo\u0161ka, a nastala je u ne\u010dijoj fotografskoj radnji, mo\u017eda u na\u0161em gradu, mo\u017eda u nekom drugom mjestu. Kao \u0161to se vidi na posveti Vinko je sliku poklonio svojoj stri\u010devki An\u0111i, a ona je istu neo\u0161te\u0107enu sa\u010duvala desetlje\u0107ima, pa bi se, da slika nije crno-bijela, mogla prepoznati i boja Vinkovih o\u010diju.<\/span><\/p>\n<p><span style=\"font-family: 'Arial Unicode MS','sans-serif';\">Momak se je lijepo uredio, obukao moderni sako i bijelu ko\u0161ulju, a i kravata je pravilno zavezana, dok o frizuri ne treba gubiti suvi\u0161ne rije\u010di. Kratko re\u010deno ova slika mo\u017ee biti primjer Mandoseljanima mla\u0111ih generacija kako se mogu urediti da im nijedna cura ne odoli.\u00a0 Hvala Heleni na lijepoj uspomeni na na\u0161eg pokojnog Mandoseljana Vinka D\u017eanku\u0161i\u0107a.<\/span><\/p>\n<div id=\"kad-wp-gallery63\" class=\"kad-wp-gallery kad-light-wp-gallery clearfix kt-gallery-column-3 rowtight\"><div class=\"tcol-lg-4 tcol-md-4 tcol-sm-4 tcol-xs-6 tcol-ss-12 g_item\"><div class=\"grid_item kad_gallery_fade_in gallery_item\"><a href=\"http:\/\/mandino-selo.com\/wp\/wp-content\/uploads\/2017\/02\/25.jpg\" data-rel=\"lightbox\" class=\"lightboxhover\"><img loading=\"lazy\" decoding=\"async\" src=\"http:\/\/mandino-selo.com\/wp\/wp-content\/uploads\/2017\/02\/25.jpg\" width=\"341\" height=\"516\" alt=\"\" srcset=\"http:\/\/mandino-selo.com\/wp\/wp-content\/uploads\/2017\/02\/25.jpg 341w, http:\/\/mandino-selo.com\/wp\/wp-content\/uploads\/2017\/02\/25-231x350.jpg 231w\" sizes=\"(max-width: 341px) 100vw, 341px\" class=\"light-dropshaddow\"\/><\/a><\/div><\/div><\/div>\n<p><span style=\"font-family: 'Arial Unicode MS','sans-serif';\">Tekst: <strong><span style=\"font-family: 'Arial Unicode MS','sans-serif';\">Blago Vukadin \u0106okanov<\/span><\/strong><br \/>\nFoto: <strong><span style=\"font-family: 'Arial Unicode MS','sans-serif';\">Helena Vukadin<\/span><\/strong><\/span><\/p>\n","protected":false},"excerpt":{"rendered":"<p>Vinko Vukadin \u2013 sin Bo\u0161ka D\u017eanku\u0161i\u0107a \u2013 preminuo je prije nekoliko godina, kratko nakon umirovljenja poput puno Mandoseljana koji su krajem pedesetih i po\u010detkom \u0161ezdesetih stasali u odrasle ljude, o\u017eenili se i zaputili u Njema\u010dku. Ovu sliku poslala nam je &hellip; <a href=\"http:\/\/mandino-selo.com\/wp\/iz-arhive-dzankusica-momak-2\/\">pro\u010ditajte vi\u0161e<\/a><\/p>\n","protected":false},"author":31,"featured_media":48689,"comment_status":"open","ping_status":"open","sticky":false,"template":"","format":"standard","meta":{"ngg_post_thumbnail":0,"kt_blocks_editor_width":"","footnotes":""},"categories":[18],"tags":[],"_links":{"self":[{"href":"http:\/\/mandino-selo.com\/wp\/wp-json\/wp\/v2\/posts\/48688"}],"collection":[{"href":"http:\/\/mandino-selo.com\/wp\/wp-json\/wp\/v2\/posts"}],"about":[{"href":"http:\/\/mandino-selo.com\/wp\/wp-json\/wp\/v2\/types\/post"}],"author":[{"embeddable":true,"href":"http:\/\/mandino-selo.com\/wp\/wp-json\/wp\/v2\/users\/31"}],"replies":[{"embeddable":true,"href":"http:\/\/mandino-selo.com\/wp\/wp-json\/wp\/v2\/comments?post=48688"}],"version-history":[{"count":1,"href":"http:\/\/mandino-selo.com\/wp\/wp-json\/wp\/v2\/posts\/48688\/revisions"}],"predecessor-version":[{"id":48691,"href":"http:\/\/mandino-selo.com\/wp\/wp-json\/wp\/v2\/posts\/48688\/revisions\/48691"}],"wp:featuredmedia":[{"embeddable":true,"href":"http:\/\/mandino-selo.com\/wp\/wp-json\/wp\/v2\/media\/48689"}],"wp:attachment":[{"href":"http:\/\/mandino-selo.com\/wp\/wp-json\/wp\/v2\/media?parent=48688"}],"wp:term":[{"taxonomy":"category","embeddable":true,"href":"http:\/\/mandino-selo.com\/wp\/wp-json\/wp\/v2\/categories?post=48688"},{"taxonomy":"post_tag","embeddable":true,"href":"http:\/\/mandino-selo.com\/wp\/wp-json\/wp\/v2\/tags?post=48688"}],"curies":[{"name":"wp","href":"https:\/\/api.w.org\/{rel}","templated":true}]}}