{"id":47291,"date":"2017-01-20T06:20:48","date_gmt":"2017-01-20T04:20:48","guid":{"rendered":"http:\/\/mandino-selo.com\/wp\/?p=47291"},"modified":"2016-12-28T23:22:13","modified_gmt":"2016-12-28T21:22:13","slug":"zemljopisni-nazivi-duvanjskog-podrucja-oronimi-13-midena","status":"publish","type":"post","link":"http:\/\/mandino-selo.com\/wp\/zemljopisni-nazivi-duvanjskog-podrucja-oronimi-13-midena\/","title":{"rendered":"ZEMLJOPISNI NAZIVI DUVANJSKOG PODRU\u010cJA: Oronimi (13) \u2013 Midena"},"content":{"rendered":"<p>U osnovi oronima Midena (1.222 metra) je <strong>mid, ikavski oblik imenice mjed, koja je u praslavenskom i staroslavenskom jeziku glasila med6 sa zna\u010denjem ruda uop\u0107e da bi s vremenom po\u010dela ozna\u010davati slitinu bakra i cinka; mesing, bronca<\/strong>. Ustvari od imenice mid izveden je pridjev posvojni (mid-ena), i to ovdje u \u017eenskom rodu, uz kojeg je vjerojatno stajao i drugi \u010dlan oronima planina, \u0161to \u0107e se s vremenom izgubiti kao nepotreban, nefunkcionalan\u2026<\/p>\n<p><strong>Mid (mjed) je bio i glavni materijal za izradu midenica (mjedenica), zvonca prepoznatljiva zvuka,<\/strong> a koja su se stavljala o vrat ovna ili pak vola predvodnika stada. Na ovo podsje\u0107amo, jer Midena i sela u njezinu podno\u017eju bili su tipi\u010dne sto\u010darske sredine.<\/p>\n<p>Danas mo\u017eemo samo naga\u0111ati \u0161to je bilo odlu\u010duju\u0107e da upravo imenica mid postane dio etimologijske strukture oronima Midena. Je li se u Midenoj ikada kopala bilokakva ruda? Je li u tipi\u010dnom sto\u010darskom ozra\u010dju moglo biti odlu\u010duju\u0107e zvonce zvano midenica?<\/p>\n<p>Ipak najvjerojatnije je da je oronim Midena izveden od pridjeva sme\u0111. Naime, <strong>sme\u0111\u00a0 je nastao tako da je se sjedinio prijedlog \u201es\u201c i imenica med6, a onda je po boji mjedi odnosno sme\u0111oj boja ta planina dobila naziv?<\/strong><\/p>\n<p>Podsje\u0107amo tako\u0111er i na <strong>prezime Midenjak<\/strong> u Cetinskoj krajini (u 18. stolje\u0107u poznati sinjski trgovac i bogata\u0161 Luka Midenjak), a pripadalo je doseljenicima s duvanjskog podru\u010dja ili posve odre\u0111eno iz nekog od sela ispod plainine Midene.<\/p>\n<p>Od sli\u010dnih toponima mo\u017eemo navesti <strong>selo zvano Mjedenjak u okolici isto\u010dnohercegova\u010dkog grada Gacka.<\/strong><\/p>\n<p>&nbsp;<\/p>\n<p>Izvor: Ante Ivankovi\u0107: <em>Zemljopisni nazivi duvanjskog podru\u010dja<\/em>, 2006.<\/p>\n","protected":false},"excerpt":{"rendered":"<p>U osnovi oronima Midena (1.222 metra) je mid, ikavski oblik imenice mjed, koja je u praslavenskom i staroslavenskom jeziku glasila med6 sa zna\u010denjem ruda uop\u0107e da bi s vremenom po\u010dela ozna\u010davati slitinu bakra i cinka; mesing, bronca. Ustvari od imenice &hellip; <a href=\"http:\/\/mandino-selo.com\/wp\/zemljopisni-nazivi-duvanjskog-podrucja-oronimi-13-midena\/\">pro\u010ditajte vi\u0161e<\/a><\/p>\n","protected":false},"author":31,"featured_media":47292,"comment_status":"open","ping_status":"open","sticky":false,"template":"","format":"standard","meta":{"ngg_post_thumbnail":0,"kt_blocks_editor_width":"","footnotes":""},"categories":[22],"tags":[],"_links":{"self":[{"href":"http:\/\/mandino-selo.com\/wp\/wp-json\/wp\/v2\/posts\/47291"}],"collection":[{"href":"http:\/\/mandino-selo.com\/wp\/wp-json\/wp\/v2\/posts"}],"about":[{"href":"http:\/\/mandino-selo.com\/wp\/wp-json\/wp\/v2\/types\/post"}],"author":[{"embeddable":true,"href":"http:\/\/mandino-selo.com\/wp\/wp-json\/wp\/v2\/users\/31"}],"replies":[{"embeddable":true,"href":"http:\/\/mandino-selo.com\/wp\/wp-json\/wp\/v2\/comments?post=47291"}],"version-history":[{"count":1,"href":"http:\/\/mandino-selo.com\/wp\/wp-json\/wp\/v2\/posts\/47291\/revisions"}],"predecessor-version":[{"id":47293,"href":"http:\/\/mandino-selo.com\/wp\/wp-json\/wp\/v2\/posts\/47291\/revisions\/47293"}],"wp:featuredmedia":[{"embeddable":true,"href":"http:\/\/mandino-selo.com\/wp\/wp-json\/wp\/v2\/media\/47292"}],"wp:attachment":[{"href":"http:\/\/mandino-selo.com\/wp\/wp-json\/wp\/v2\/media?parent=47291"}],"wp:term":[{"taxonomy":"category","embeddable":true,"href":"http:\/\/mandino-selo.com\/wp\/wp-json\/wp\/v2\/categories?post=47291"},{"taxonomy":"post_tag","embeddable":true,"href":"http:\/\/mandino-selo.com\/wp\/wp-json\/wp\/v2\/tags?post=47291"}],"curies":[{"name":"wp","href":"https:\/\/api.w.org\/{rel}","templated":true}]}}