{"id":36655,"date":"2024-11-26T06:16:00","date_gmt":"2024-11-26T04:16:00","guid":{"rendered":"http:\/\/mandino-selo.com\/wp\/?p=36655"},"modified":"2024-11-26T07:37:12","modified_gmt":"2024-11-26T05:37:12","slug":"sko-u-gornjem-brisniku-djecak-otvorio-umotanu-bombonjeru-za-prosljedivanje","status":"publish","type":"post","link":"http:\/\/mandino-selo.com\/wp\/sko-u-gornjem-brisniku-djecak-otvorio-umotanu-bombonjeru-za-prosljedivanje\/","title":{"rendered":"\u0160OK U GORNJEM BRI\u0160NIKU: Dje\u010dak otvorio umotanu bombonjeru za proslje\u0111ivanje!"},"content":{"rendered":"<p>Iako je u posljednjem razdoblju mo\u017eemo posvjedo\u010diti \u010dudnim, ili barem, neobi\u010dnim vremenskim prilikama za ovo godi\u0161nje doba, pa \u010dak iako su stru\u010dnjaci najavljivali lagane dru\u0161tvene devijacije i davali blaga upozorenja za bolesnike, jednu stvar nitko nije mogao predvidjeti. Mnogi smatraju vremenske prilike razlogom za ovaj hrabar potez, mnogi pripisuju neodgoju, dok \u0107e sami po\u010dinitelj to nazvati <em>jelo mi se ne\u0161to slatko<\/em>.<\/p>\n<p>Naime, dje\u010dak <strong>Matej (10) iz Gornjeg Bri\u0161nika<\/strong> u op\u0107ini Tomislavgrad je za vrijeme jednog ki\u0161nog popodneva prona\u0161ao, a pritom i otvorio bombonjeru koja je bila namijenjena za proslje\u0111ivanje. Matej nam je rekao da je samo htio pojesti ne\u0161to slatko i da nije mogao vi\u0161e <em>glo\u0111ati<\/em> Petit keks sa stola, a i da <strong>Negro bombone<\/strong> ne smatra ba\u0161 slatkima. Tako\u0111er, potvrdio je da pronalazak i nije bio tako lagan kako mnogi smatraju jer je bombonjeru prona\u0161ao tek nakon 3h intenzivne potrage da bi ju na kraju prona\u0161ao dobro skrivenu me\u0111u ostalim vrijednim stvarima kao <strong>domovnica, zlato i bilje\u017enica s popisom pla\u0107enih misa za pokojnu baku.<\/strong><\/p>\n<p>U op\u0107ini je zavladala potpuna nevjerica jer se organi vlasti pribojavaju da bi se ovakvi potezi mogli pro\u0161iriti po ostatku op\u0107ine, pa i \u017dupanije. Matejevi roditelji nisu smogli snage dati izjavu za na\u0161 portal rekav\u0161i samo kratko da \u017eale zbog svega \u0161to je sin u\u010dinio, da se ne\u0107e ponoviti i uputili su ispriku cijelom selu sa \u017eeljama da njihov sin bude \u0161to manje spominjan u njihovim pri\u010dama.<\/p>\n<p>Iz Centra za socijalni rad u Tomislavgradu su nam potvrdili kako je ovo neobi\u010dan slu\u010daj, da se ne mo\u017ee govoriti o maloljetni\u010dkoj delikvenciji, ali sigurno pokazatelj kako mladi idu u pogre\u0161nom smjeru. Sudbina mladog i neiskusnog Mateja je jo\u0161 neizvjesna jer postoje insinuacije da roditelji razmi\u0161ljaju o odricanju malodobnog sina te da bi ga mogli na kratko prepustiti institucijama na brigu. Ru\u017eica (54) iz Centra za socijalni rad je navela kako ne mo\u017ee potvrditi ove navode jer moraju po\u0161tovati diskretne odluke i razgovore.<\/p>\n<p>Po mnogim zajedni\u010dkim prijateljima, poznanicima i rodbini, klju\u010dnu ulogu u rje\u0161avanju sudbine malog Mateja moglo bi odigrati <em>selo<\/em>. U zadnje vrijeme mo\u017eemo \u010duti navode kako je hercegova\u010dko<em> selo<\/em> ustvari prete\u010da <strong>\u0160erijatske policije<\/strong> i najmanji moralni delikt mo\u017ee biti presudan kako bi se po\u010dinitelj kaznio primjereno zlo\u010dinu.<\/p>\n<p>Izvor: <a href=\"http:\/\/www.erogag.com\"><strong>www.erogag.com<\/strong><\/a><\/p>\n","protected":false},"excerpt":{"rendered":"<p>Iako je u posljednjem razdoblju mo\u017eemo posvjedo\u010diti \u010dudnim, ili barem, neobi\u010dnim vremenskim prilikama za ovo godi\u0161nje doba, pa \u010dak iako su stru\u010dnjaci najavljivali lagane dru\u0161tvene devijacije i davali blaga upozorenja za bolesnike, jednu stvar nitko nije mogao predvidjeti. Mnogi smatraju &hellip; <a href=\"http:\/\/mandino-selo.com\/wp\/sko-u-gornjem-brisniku-djecak-otvorio-umotanu-bombonjeru-za-prosljedivanje\/\">pro\u010ditajte vi\u0161e<\/a><\/p>\n","protected":false},"author":31,"featured_media":129245,"comment_status":"open","ping_status":"open","sticky":false,"template":"","format":"standard","meta":{"ngg_post_thumbnail":0,"kt_blocks_editor_width":"","footnotes":""},"categories":[3],"tags":[],"_links":{"self":[{"href":"http:\/\/mandino-selo.com\/wp\/wp-json\/wp\/v2\/posts\/36655"}],"collection":[{"href":"http:\/\/mandino-selo.com\/wp\/wp-json\/wp\/v2\/posts"}],"about":[{"href":"http:\/\/mandino-selo.com\/wp\/wp-json\/wp\/v2\/types\/post"}],"author":[{"embeddable":true,"href":"http:\/\/mandino-selo.com\/wp\/wp-json\/wp\/v2\/users\/31"}],"replies":[{"embeddable":true,"href":"http:\/\/mandino-selo.com\/wp\/wp-json\/wp\/v2\/comments?post=36655"}],"version-history":[{"count":4,"href":"http:\/\/mandino-selo.com\/wp\/wp-json\/wp\/v2\/posts\/36655\/revisions"}],"predecessor-version":[{"id":150959,"href":"http:\/\/mandino-selo.com\/wp\/wp-json\/wp\/v2\/posts\/36655\/revisions\/150959"}],"wp:featuredmedia":[{"embeddable":true,"href":"http:\/\/mandino-selo.com\/wp\/wp-json\/wp\/v2\/media\/129245"}],"wp:attachment":[{"href":"http:\/\/mandino-selo.com\/wp\/wp-json\/wp\/v2\/media?parent=36655"}],"wp:term":[{"taxonomy":"category","embeddable":true,"href":"http:\/\/mandino-selo.com\/wp\/wp-json\/wp\/v2\/categories?post=36655"},{"taxonomy":"post_tag","embeddable":true,"href":"http:\/\/mandino-selo.com\/wp\/wp-json\/wp\/v2\/tags?post=36655"}],"curies":[{"name":"wp","href":"https:\/\/api.w.org\/{rel}","templated":true}]}}