{"id":34238,"date":"2016-04-27T05:49:21","date_gmt":"2016-04-27T03:49:21","guid":{"rendered":"http:\/\/mandino-selo.com\/wp\/?p=34238"},"modified":"2016-04-06T18:51:06","modified_gmt":"2016-04-06T16:51:06","slug":"spomenici-kulture-i-prirode-duvanjskog-podrucja-59-stepen","status":"publish","type":"post","link":"http:\/\/mandino-selo.com\/wp\/spomenici-kulture-i-prirode-duvanjskog-podrucja-59-stepen\/","title":{"rendered":"SPOMENICI KULTURE I PRIRODE DUVANJSKOG PODRU\u010cJA (59): Stepen"},"content":{"rendered":"<p>Izme\u0111u Miljacke i Bu\u010di\u0107a na Ra\u0161eljki i Gravici nalaze se tri ve\u0107e gomile.<\/p>\n<p>Ju\u017eno od sela (oko 700 m), na brdskom uzvi\u0161enju nalazi se ve\u0107a kamena gomila.<\/p>\n<p>Na lokalitetu Groblje (300 m isto\u010dno od sela), na jednom uzvi\u0161enju, nalaze se tri tumula, sa tri ste\u0107ka (dvije plo\u010de i jedan prevrnuti sljemenjak). Ste\u0107ci su ne\u0161to bolje obrade (jedan je ukra\u0161en plasti\u010dnim polumjesecom).<\/p>\n<p>Na lokalitetu Glavi\u010dica, na jednom uzvi\u0161enju pored Bagari\u0107a mlina, uz put Mesihovina-Crvenice, seljaci su ranijih godina otkopali grob koji je s gornje strane bio pokriven kamenim plo\u010dama.<\/p>\n<p>Selo je poznato po dobrim kamenorescima, pa su im ku\u0107e ukra\u0161ene korni\u0161ima od mekog kamena, kao i kukuru\u017enjaci. Staru ku\u0107u pokrivenu slamom ima Ivan Sko\u010dibi\u0161i\u0107, s ku\u0107nim rekvizitima &#8211; \u010derenom na kome je pleten ko\u0161 za \u017eito, paleobalkanske koma\u0161tre.<\/p>\n<p>Ovo je rijetko selo u duvanjskom kraju koje je sa\u010duvalo brojne ku\u0107ne predmete pa ih zbog toga navodimo:<\/p>\n<p>&#8211; Leme\u0161 (lemi\u0161) od kovanog \u010delika posjeduje Ivan Sko\u010dibu\u0161i\u0107.<\/p>\n<p>&#8211; Ko\u0161 pleten od pru\u0107a posjeduje Stipan Sko\u010dibu\u0161i\u0107.<\/p>\n<p>&#8211; Priklad kovani ima Stipan Sko\u010dibu\u0161i\u0107.<\/p>\n<p>&#8211; Komo\u0161tre paleobalkanske posjeduje Slavko Dodig.<\/p>\n<p>&#8211; Priklad kovani tako\u0111er Slavko Dodig.<\/p>\n<p>&#8211; Kadanj (izdubeno stablo) za dr\u017eanje \u017eita ili bra\u0161na posjeduje Slavko Dodig, kao i mali kadanj za dr\u017eanje soli.<\/p>\n<p>Ora\u0107i lis s jarmom (bez pluga) i \u017eeljezni priklad posjeduje Ivan Dodig. Isti je vlasnik i jednog zemljanog lonca porijeklom iz sela Dobrkovi\u0107a kod \u0160irokog Brijega ili iz Zagvozda kod Imotskoga, odakle su lon\u010dari donosili svoje proizvode.<\/p>\n<p>Petar Dodig (\u0160imunov) posjeduje: dva pletena ko\u0161a za \u017eito, \u0107up za vino od 12 litara, 2 pletena sepeta za dr\u017eanje drvenih ka\u0161ika, lemi\u0161 kovani, komo\u0161tre paleobalkanske, stupicu za lovljenje mi\u0161eva.<\/p>\n<p>Preslicu konusnog oblika &#8220;ba\u0161luka\u010du&#8221; posjeduje Luca Bagari\u0107, udana Dodig, rad Joze Gudelja, 1936. godine.<\/p>\n<p>U rje\u010dici Miljacki, po virovima ima ribe koju su mje\u0161tani havatali u pletene vr\u0161e kojih i danas ima u Stepenu.<\/p>\n<p>&nbsp;<\/p>\n<p>Izvor: Skupina autora:\u00a0<em>Spomenici kulture i prirode duvanjskog podru\u010dja<\/em>, RZZSKP, Mostar 1977.<\/p>\n","protected":false},"excerpt":{"rendered":"<p>Izme\u0111u Miljacke i Bu\u010di\u0107a na Ra\u0161eljki i Gravici nalaze se tri ve\u0107e gomile. Ju\u017eno od sela (oko 700 m), na brdskom uzvi\u0161enju nalazi se ve\u0107a kamena gomila. Na lokalitetu Groblje (300 m isto\u010dno od sela), na jednom uzvi\u0161enju, nalaze se &hellip; <a href=\"http:\/\/mandino-selo.com\/wp\/spomenici-kulture-i-prirode-duvanjskog-podrucja-59-stepen\/\">pro\u010ditajte vi\u0161e<\/a><\/p>\n","protected":false},"author":31,"featured_media":34239,"comment_status":"open","ping_status":"open","sticky":false,"template":"","format":"standard","meta":{"ngg_post_thumbnail":0,"kt_blocks_editor_width":"","footnotes":""},"categories":[37],"tags":[],"_links":{"self":[{"href":"http:\/\/mandino-selo.com\/wp\/wp-json\/wp\/v2\/posts\/34238"}],"collection":[{"href":"http:\/\/mandino-selo.com\/wp\/wp-json\/wp\/v2\/posts"}],"about":[{"href":"http:\/\/mandino-selo.com\/wp\/wp-json\/wp\/v2\/types\/post"}],"author":[{"embeddable":true,"href":"http:\/\/mandino-selo.com\/wp\/wp-json\/wp\/v2\/users\/31"}],"replies":[{"embeddable":true,"href":"http:\/\/mandino-selo.com\/wp\/wp-json\/wp\/v2\/comments?post=34238"}],"version-history":[{"count":1,"href":"http:\/\/mandino-selo.com\/wp\/wp-json\/wp\/v2\/posts\/34238\/revisions"}],"predecessor-version":[{"id":34240,"href":"http:\/\/mandino-selo.com\/wp\/wp-json\/wp\/v2\/posts\/34238\/revisions\/34240"}],"wp:featuredmedia":[{"embeddable":true,"href":"http:\/\/mandino-selo.com\/wp\/wp-json\/wp\/v2\/media\/34239"}],"wp:attachment":[{"href":"http:\/\/mandino-selo.com\/wp\/wp-json\/wp\/v2\/media?parent=34238"}],"wp:term":[{"taxonomy":"category","embeddable":true,"href":"http:\/\/mandino-selo.com\/wp\/wp-json\/wp\/v2\/categories?post=34238"},{"taxonomy":"post_tag","embeddable":true,"href":"http:\/\/mandino-selo.com\/wp\/wp-json\/wp\/v2\/tags?post=34238"}],"curies":[{"name":"wp","href":"https:\/\/api.w.org\/{rel}","templated":true}]}}