{"id":2220,"date":"2014-11-13T07:18:32","date_gmt":"2014-11-13T07:18:32","guid":{"rendered":"http:\/\/mandino-selo.com\/wp\/?p=2220"},"modified":"2014-11-13T13:43:17","modified_gmt":"2014-11-13T13:43:17","slug":"zivot-i-smrt-u-duvnu-prezimena-po-selima-1","status":"publish","type":"post","link":"http:\/\/mandino-selo.com\/wp\/zivot-i-smrt-u-duvnu-prezimena-po-selima-1\/","title":{"rendered":"\u017dIVOT I SMRT U DUVNU: Prezimena po selima (1)"},"content":{"rendered":"<p>U tekstu koji slijedi nastojat \u0107emo donijeti sva prezimena prema naseljima triju \u017eupa koje se ovdje obra\u0111uju (Seonica, Bukovica i Kongora), u razdoblju od 1821. do 1918. Te \u0107u podatke onda usporediti s prezimenima iz popisa biskupa Dragi\u0107evi\u0107a (1741.) i biskupa Bogdanovi\u0107a (1768.). Bit \u0107e zanimljivo provjeriti koja su se prezimena sa\u010duvala, koja su se promijenila, a koja su posve nestala s duvanjskog podru\u010dja. Dat \u0107emo i kratki osvrt na mogu\u0107nost otkuda se koji rod doselio &#8211; ali samo za one rodove koji su s eu tim selima sa\u010duvali do danas (dakle one ispisane kosim slovima).<\/p>\n<p>&nbsp;<\/p>\n<p><strong>OMEROVI\u0106I<\/strong><\/p>\n<p>Ne spominje se u popisima dvojice biskupa.<\/p>\n<p>Matice (1821.-1918.): Bakula, Batarilo, Batarllo-Kutle\u0161a, Bernardi\u0107, Bili\u0107, Dodig,<\/p>\n<p>Mrnjavac, Marijanovi\u0107, Mijatovi\u0107, Nevisti\u0107, Pranji\u0107 (Franji\u0107). U Omerovi\u0107ima katolici vi\u0161e uop\u0107e ne \u017eive, \u0161to zna\u010di da se u tom selu nije do danas sa\u010duvalo ni jedno od gore navedenih prezimena.<\/p>\n<p>&nbsp;<\/p>\n<p>Izvor: Robert Joli\u0107: <em>\u017divot i smrt u Duvnu<\/em>, 2005.<\/p>\n<p>Foto: Ivica \u0160arac<\/p>\n","protected":false},"excerpt":{"rendered":"<p>U tekstu koji slijedi nastojat \u0107emo donijeti sva prezimena prema naseljima triju \u017eupa koje se ovdje obra\u0111uju (Seonica, Bukovica i Kongora), u razdoblju od 1821. do 1918. Te \u0107u podatke onda usporediti s prezimenima iz popisa biskupa Dragi\u0107evi\u0107a (1741.) i &hellip; <a href=\"http:\/\/mandino-selo.com\/wp\/zivot-i-smrt-u-duvnu-prezimena-po-selima-1\/\">pro\u010ditajte vi\u0161e<\/a><\/p>\n","protected":false},"author":31,"featured_media":2221,"comment_status":"open","ping_status":"open","sticky":false,"template":"","format":"standard","meta":{"ngg_post_thumbnail":0,"kt_blocks_editor_width":"","footnotes":""},"categories":[14],"tags":[],"_links":{"self":[{"href":"http:\/\/mandino-selo.com\/wp\/wp-json\/wp\/v2\/posts\/2220"}],"collection":[{"href":"http:\/\/mandino-selo.com\/wp\/wp-json\/wp\/v2\/posts"}],"about":[{"href":"http:\/\/mandino-selo.com\/wp\/wp-json\/wp\/v2\/types\/post"}],"author":[{"embeddable":true,"href":"http:\/\/mandino-selo.com\/wp\/wp-json\/wp\/v2\/users\/31"}],"replies":[{"embeddable":true,"href":"http:\/\/mandino-selo.com\/wp\/wp-json\/wp\/v2\/comments?post=2220"}],"version-history":[{"count":1,"href":"http:\/\/mandino-selo.com\/wp\/wp-json\/wp\/v2\/posts\/2220\/revisions"}],"predecessor-version":[{"id":2222,"href":"http:\/\/mandino-selo.com\/wp\/wp-json\/wp\/v2\/posts\/2220\/revisions\/2222"}],"wp:featuredmedia":[{"embeddable":true,"href":"http:\/\/mandino-selo.com\/wp\/wp-json\/wp\/v2\/media\/2221"}],"wp:attachment":[{"href":"http:\/\/mandino-selo.com\/wp\/wp-json\/wp\/v2\/media?parent=2220"}],"wp:term":[{"taxonomy":"category","embeddable":true,"href":"http:\/\/mandino-selo.com\/wp\/wp-json\/wp\/v2\/categories?post=2220"},{"taxonomy":"post_tag","embeddable":true,"href":"http:\/\/mandino-selo.com\/wp\/wp-json\/wp\/v2\/tags?post=2220"}],"curies":[{"name":"wp","href":"https:\/\/api.w.org\/{rel}","templated":true}]}}