{"id":168327,"date":"2026-04-07T14:48:07","date_gmt":"2026-04-07T12:48:07","guid":{"rendered":"https:\/\/mandino-selo.com\/wp\/?p=168327"},"modified":"2026-04-07T14:52:35","modified_gmt":"2026-04-07T12:52:35","slug":"najava-promocijua-knjige-recital-drama-tomislav-hrvatska-zivote-moj-izabrane-pjesme-autora-mate-cavara","status":"publish","type":"post","link":"http:\/\/mandino-selo.com\/wp\/najava-promocijua-knjige-recital-drama-tomislav-hrvatska-zivote-moj-izabrane-pjesme-autora-mate-cavara\/","title":{"rendered":"NAJAVA: Promocija knjige \u201eRECITAL \u2013 DRAMA TOMISLAV \/ Hrvatska, \u017eivote moj \u2013 izabrane pjesme\u201c autora Mate \u0106avara"},"content":{"rendered":"<p>S velikim zadovoljstvom pozivamo vas na uskrsnu promociju knjige \u201eRECITAL \u2013 DRAMA TOMISLAV \/ Hrvatska, \u017eivote moj \u2013 izabrane pjesme\u201c autora Mate \u0106avara.<\/p>\n<p style=\"text-align: center;\"><strong>Tomislavgrad \u2013 Galerija KIC-a<\/strong><\/p>\n<p style=\"text-align: center;\"><strong>Subota, 11. travnja 2026. &nbsp;u 19:00 sati.<\/strong><\/p>\n<p>Ova posebna ve\u010der posve\u0107ena je bogatom stvarala\u0161tvu Mate \u0106avara, pjesnika \u010dije su rije\u010di pro\u017eete ljubavlju prema Domovini, vjerom i nadom. Promocija se odr\u017eava i u povodu 10. obljetnice njegove smrti, prisje\u0107aju\u0107i se njegova \u017eivota i djela kroz stihove koji i danas \u017eive me\u0111u nama.<\/p>\n<p>Sudjeluju:<\/p>\n<p>\u2013 Vesna Slobo\u0111an (knji\u017eevnica)<\/p>\n<p>\u2013 dr. Jure Buri\u0107 (kum autora, recenzent, knji\u017eevnik i publicist)<\/p>\n<p>\u2013 Drina \u0106avar Brajkovi\u0107 (k\u0107i autora i urednica knjige)<\/p>\n<p>Glazbena pratnja: FRAMA Tomislavgrad, &nbsp;Multimedija: AI projekcije<\/p>\n<p>Do\u0111ite i budite dio ve\u010deri ispunjene poezijom, emocijom i zajedni\u0161tvom.<\/p>\n<p>Dobro nam do\u0161li!<\/p>\n","protected":false},"excerpt":{"rendered":"<p>S velikim zadovoljstvom pozivamo vas na uskrsnu promociju knjige \u201eRECITAL \u2013 DRAMA TOMISLAV \/ Hrvatska, \u017eivote moj \u2013 izabrane pjesme\u201c autora Mate \u0106avara. Tomislavgrad \u2013 Galerija KIC-a Subota, 11. travnja 2026. &nbsp;u 19:00 sati. Ova posebna ve\u010der posve\u0107ena je bogatom &hellip; <a href=\"http:\/\/mandino-selo.com\/wp\/najava-promocijua-knjige-recital-drama-tomislav-hrvatska-zivote-moj-izabrane-pjesme-autora-mate-cavara\/\">pro\u010ditajte vi\u0161e<\/a><\/p>\n","protected":false},"author":31,"featured_media":168329,"comment_status":"open","ping_status":"open","sticky":false,"template":"","format":"standard","meta":{"ngg_post_thumbnail":0,"kt_blocks_editor_width":"","footnotes":""},"categories":[3],"tags":[],"_links":{"self":[{"href":"http:\/\/mandino-selo.com\/wp\/wp-json\/wp\/v2\/posts\/168327"}],"collection":[{"href":"http:\/\/mandino-selo.com\/wp\/wp-json\/wp\/v2\/posts"}],"about":[{"href":"http:\/\/mandino-selo.com\/wp\/wp-json\/wp\/v2\/types\/post"}],"author":[{"embeddable":true,"href":"http:\/\/mandino-selo.com\/wp\/wp-json\/wp\/v2\/users\/31"}],"replies":[{"embeddable":true,"href":"http:\/\/mandino-selo.com\/wp\/wp-json\/wp\/v2\/comments?post=168327"}],"version-history":[{"count":3,"href":"http:\/\/mandino-selo.com\/wp\/wp-json\/wp\/v2\/posts\/168327\/revisions"}],"predecessor-version":[{"id":168331,"href":"http:\/\/mandino-selo.com\/wp\/wp-json\/wp\/v2\/posts\/168327\/revisions\/168331"}],"wp:featuredmedia":[{"embeddable":true,"href":"http:\/\/mandino-selo.com\/wp\/wp-json\/wp\/v2\/media\/168329"}],"wp:attachment":[{"href":"http:\/\/mandino-selo.com\/wp\/wp-json\/wp\/v2\/media?parent=168327"}],"wp:term":[{"taxonomy":"category","embeddable":true,"href":"http:\/\/mandino-selo.com\/wp\/wp-json\/wp\/v2\/categories?post=168327"},{"taxonomy":"post_tag","embeddable":true,"href":"http:\/\/mandino-selo.com\/wp\/wp-json\/wp\/v2\/tags?post=168327"}],"curies":[{"name":"wp","href":"https:\/\/api.w.org\/{rel}","templated":true}]}}