{"id":166250,"date":"2026-01-28T19:58:59","date_gmt":"2026-01-28T17:58:59","guid":{"rendered":"https:\/\/mandino-selo.com\/wp\/?p=166250"},"modified":"2026-01-28T19:59:30","modified_gmt":"2026-01-28T17:59:30","slug":"zagreb-potpisan-sporazum-o-suradnji-u-organizaciji-posjeta-vukovaru-ucenika-zavrsnih-razreda-osnovnih-skola-iz-bih","status":"publish","type":"post","link":"http:\/\/mandino-selo.com\/wp\/zagreb-potpisan-sporazum-o-suradnji-u-organizaciji-posjeta-vukovaru-ucenika-zavrsnih-razreda-osnovnih-skola-iz-bih\/","title":{"rendered":"ZAGREB: Potpisan Sporazum o suradnji u organizaciji posjeta Vukovaru u\u010denika zavr\u0161nih razreda osnovnih \u0161kola iz BiH"},"content":{"rendered":"<p><span style=\"color: initial;\">Na prigodnoj sve\u010danosti odr\u017eanoj danas u Ministarstvu hrvatskih branitelja u Zagrebu potpisan je Sporazum o suradnji u organizaciji posjeta Vukovaru u\u010denika zavr\u0161nih razreda osnovnih \u0161kola iz Bosne i Hercegovine koji se \u0161koluju prema nastavnom planu i programu na hrvatskom jeziku.<\/span><\/p>\n<p>Potpisnici Sporazuma su Ministarstvo hrvatskih branitelja Republike Hrvatske, ministarstva nadle\u017ena za obrazovanje u Bosni i Hercegovini, Odjel za znanost i obrazovanje Hrvatskog narodnog sabora Bosne i Hercegovine, kao i gradovi i op\u0107ine u Bosni i Hercegovini u kojima se nastava izvodi prema nastavnom planu i programu na hrvatskom jeziku.<\/p>\n<p>Ministar znanosti, prosvjete, kulture i \u0161porta Vlade Hercegbosanske \u017eupanije Ante Tadi\u0107 potpisao je Sporazum o suradnji s ministrom hrvatskih branitelja Republike Hrvatske Tomom Medvedom.<\/p>\n<p>Sporazum su potpisali i ministri obrazovanja Zapadnohercegova\u010dke, Srednjobosanske i Posavske \u017eupanije, kao i gradona\u010delnici i na\u010delnici gradova i op\u0107ina u kojima se nastava izvodi prema nastavnom planu i programu na hrvatskom jeziku. Sporazum je potpisan za ovu i sljede\u0107u \u0161kolsku godinu.<\/p>\n<p>U skladu s potpisanim Sporazumom, Ministarstvo hrvatskih branitelja Republike Hrvatske osiguralo je financijska sredstva za provedbu terenske nastave u Vukovaru za u\u010denike zavr\u0161nih razreda osnovnih \u0161kola koji se \u0161koluju prema nastavnom planu i programu na hrvatskom jeziku, uklju\u010duju\u0107i tro\u0161kove smje\u0161taja, prehrane i programskih sadr\u017eaja vezanih uz u\u010denje o Domovinskom ratu. Nadle\u017ena ministarstva obrazovanja u Bosni i Hercegovini osigurat \u0107e prijevoz u\u010denika.<\/p>\n<p>U Republici Hrvatskoj projekt se provodi kao obvezna terenska nastava iz povijesti za sve u\u010denike zavr\u0161nih razreda osnovnih \u0161kola, a potpisivanjem ovoga Sporazuma omogu\u0107uje se nastavak suradnje, \u010dime se u\u010denicima zavr\u0161nih razreda osnovnih \u0161kola u Bosni i Hercegovini, koji se \u0161koluju prema nastavnom planu i programu na hrvatskom jeziku, osigurava sudjelovanje u terenskoj nastavi iz povijesti Domovinskog rata u Vukovaru.<\/p>\n<p>Potpisivanjem ovoga Sporazuma dodatno se ja\u010da suradnja institucija Republike Hrvatske i Bosne i Hercegovine u podru\u010dju odgoja i obrazovanja te se osiguravaju uvjeti za provedbu kvalitetne i sadr\u017eajne terenske nastave iz povijesti.<\/p>\n<p><strong>Vlada Hercegbosanske \u017eupanije<\/strong><\/p>\n","protected":false},"excerpt":{"rendered":"<p>Na prigodnoj sve\u010danosti odr\u017eanoj danas u Ministarstvu hrvatskih branitelja u Zagrebu potpisan je Sporazum o suradnji u organizaciji posjeta Vukovaru u\u010denika zavr\u0161nih razreda osnovnih \u0161kola iz Bosne i Hercegovine koji se \u0161koluju prema nastavnom planu i programu na hrvatskom jeziku. &hellip; <a href=\"http:\/\/mandino-selo.com\/wp\/zagreb-potpisan-sporazum-o-suradnji-u-organizaciji-posjeta-vukovaru-ucenika-zavrsnih-razreda-osnovnih-skola-iz-bih\/\">pro\u010ditajte vi\u0161e<\/a><\/p>\n","protected":false},"author":31,"featured_media":166251,"comment_status":"open","ping_status":"open","sticky":false,"template":"","format":"standard","meta":{"ngg_post_thumbnail":0,"kt_blocks_editor_width":"","footnotes":""},"categories":[3],"tags":[],"_links":{"self":[{"href":"http:\/\/mandino-selo.com\/wp\/wp-json\/wp\/v2\/posts\/166250"}],"collection":[{"href":"http:\/\/mandino-selo.com\/wp\/wp-json\/wp\/v2\/posts"}],"about":[{"href":"http:\/\/mandino-selo.com\/wp\/wp-json\/wp\/v2\/types\/post"}],"author":[{"embeddable":true,"href":"http:\/\/mandino-selo.com\/wp\/wp-json\/wp\/v2\/users\/31"}],"replies":[{"embeddable":true,"href":"http:\/\/mandino-selo.com\/wp\/wp-json\/wp\/v2\/comments?post=166250"}],"version-history":[{"count":2,"href":"http:\/\/mandino-selo.com\/wp\/wp-json\/wp\/v2\/posts\/166250\/revisions"}],"predecessor-version":[{"id":166253,"href":"http:\/\/mandino-selo.com\/wp\/wp-json\/wp\/v2\/posts\/166250\/revisions\/166253"}],"wp:featuredmedia":[{"embeddable":true,"href":"http:\/\/mandino-selo.com\/wp\/wp-json\/wp\/v2\/media\/166251"}],"wp:attachment":[{"href":"http:\/\/mandino-selo.com\/wp\/wp-json\/wp\/v2\/media?parent=166250"}],"wp:term":[{"taxonomy":"category","embeddable":true,"href":"http:\/\/mandino-selo.com\/wp\/wp-json\/wp\/v2\/categories?post=166250"},{"taxonomy":"post_tag","embeddable":true,"href":"http:\/\/mandino-selo.com\/wp\/wp-json\/wp\/v2\/tags?post=166250"}],"curies":[{"name":"wp","href":"https:\/\/api.w.org\/{rel}","templated":true}]}}