{"id":166232,"date":"2026-01-27T08:39:52","date_gmt":"2026-01-27T06:39:52","guid":{"rendered":"https:\/\/mandino-selo.com\/wp\/?p=166232"},"modified":"2026-01-27T10:44:45","modified_gmt":"2026-01-27T08:44:45","slug":"danas-u-vitezu-okrugli-stol-osmica-od-sjecanja-do-memorijalnog-centra","status":"publish","type":"post","link":"http:\/\/mandino-selo.com\/wp\/danas-u-vitezu-okrugli-stol-osmica-od-sjecanja-do-memorijalnog-centra\/","title":{"rendered":"DANAS U VITEZU OKRUGLI STOL: \u201eOsmica \u2013 od sje\u0107anja do Memorijalnog centra\u201c"},"content":{"rendered":"<div class=\"elementor-element elementor-element-7914d623 elementor-widget elementor-widget-theme-post-title elementor-page-title elementor-widget-heading\" style=\"box-sizing: border-box; --flex-direction: initial; --flex-wrap: initial; --justify-content: initial; --align-items: initial; --align-content: initial; --gap: initial; --flex-basis: initial; --flex-grow: initial; --flex-shrink: initial; --order: initial; --align-self: initial; align-self: auto; flex: 0 1 auto; order: 0; place-content: normal; align-items: normal; flex-flow: row; gap: 10px; position: relative; --widgets-spacing: 20px 20px; --widgets-spacing-row: 20px; --widgets-spacing-column: 20px; margin-block-end: 0px; min-width: 0px; --kit-widget-spacing: 0px; max-width: 100%; color: #333333; font-family: -apple-system, BlinkMacSystemFont, 'Segoe UI', Roboto, 'Helvetica Neue', Arial, 'Noto Sans', sans-serif, 'Apple Color Emoji', 'Segoe UI Emoji', 'Segoe UI Symbol', 'Noto Color Emoji'; font-size: 16px;\" data-id=\"7914d623\" data-element_type=\"widget\" data-widget_type=\"theme-post-title.default\">\n<div class=\"elementor-widget-container\" style=\"box-sizing: border-box; transition: background 0.3s, border 0.3s, border-radius 0.3s, box-shadow 0.3s, transform 0.4s; height: 140.792px; padding: 0px 15px;\"><span style=\"color: #000000; font-size: 18px; background-color: transparent; letter-spacing: 0px; word-spacing: 0em; font-weight: 400;\">U Vitezu \u0107e se danas, 27. sije\u010dnja, odr\u017eati okrugli stol pod nazivom \u201eOsmica \u2013 od sje\u0107anja do Memorijalnog centra\u201c, posve\u0107en istini, kulturi sje\u0107anja i inicijativi izgradnje Memorijalnog centra \u201eOsmica\u201c. Okrugli stol organizira Udruga \u201eOsmica\u201c iz Viteza, pod pokroviteljstvom predsjednice Federacije Bosne i Hercegovine Lidija Bradara.<\/span><\/div>\n<\/div>\n<div class=\"elementor-element elementor-element-25ffa27 elementor-widget__width-initial elementor-widget elementor-widget-shortcode\" style=\"box-sizing: border-box; --flex-direction: initial; --flex-wrap: initial; --justify-content: initial; --align-items: initial; --align-content: initial; --gap: initial; --flex-basis: initial; --flex-grow: initial; --flex-shrink: initial; --order: initial; --align-self: initial; align-self: auto; flex: 0 1 auto; order: 0; place-content: normal; align-items: normal; flex-flow: row; gap: 10px; position: relative; --widgets-spacing: 20px 20px; --widgets-spacing-row: 20px; --widgets-spacing-column: 20px; margin-block-end: 0px; min-width: 0px; --kit-widget-spacing: 0px; width: 1200px; max-width: 100%; --container-widget-width: 1200px; --container-widget-flex-grow: 0; color: #333333; font-family: -apple-system, BlinkMacSystemFont, 'Segoe UI', Roboto, 'Helvetica Neue', Arial, 'Noto Sans', sans-serif, 'Apple Color Emoji', 'Segoe UI Emoji', 'Segoe UI Symbol', 'Noto Color Emoji'; font-size: 16px;\" data-id=\"25ffa27\" data-element_type=\"widget\" data-widget_type=\"shortcode.default\">\n<div class=\"elementor-widget-container\" style=\"box-sizing: border-box; transition: background 0.3s, border 0.3s, border-radius 0.3s, box-shadow 0.3s, transform 0.4s; height: 10px; padding: 0px 10px 10px;\">\n<div class=\"elementor-shortcode\" style=\"box-sizing: border-box;\"><\/div>\n<\/div>\n<\/div>\n<div class=\"elementor-element elementor-element-379d05f8 elementor-widget elementor-widget-theme-post-content\" style=\"box-sizing: border-box; --flex-direction: initial; --flex-wrap: initial; --justify-content: initial; --align-items: initial; --align-content: initial; --gap: initial; --flex-basis: initial; --flex-grow: initial; --flex-shrink: initial; --order: initial; --align-self: initial; align-self: auto; flex: 0 1 auto; order: 0; place-content: normal; align-items: normal; flex-flow: row; gap: 10px; position: relative; --widgets-spacing: 20px 20px; --widgets-spacing-row: 20px; --widgets-spacing-column: 20px; color: #0c0c0d; font-family: Roboto, sans-serif; margin-block-end: 0px; min-width: 0px; --kit-widget-spacing: 0px; font-size: 20px; line-height: 1.5em; max-width: 100%;\" data-id=\"379d05f8\" data-element_type=\"widget\" data-widget_type=\"theme-post-content.default\">\n<div class=\"elementor-widget-container\" style=\"box-sizing: border-box; transition: background 0.3s, border 0.3s, border-radius 0.3s, box-shadow 0.3s, transform 0.4s; height: 1848.99px; padding: 0px 15px;\">\n<div style=\"box-sizing: border-box;\">\n<div class=\"trv-player-container\" style=\"box-sizing: border-box; position: relative; margin: 0px auto; width: 330px; max-width: 640px; max-height: 360px;\">\n<div class=\"trv-wrapper\" style=\"box-sizing: border-box; overflow: hidden; position: relative; padding-bottom: 185.625px;\">\n<div id=\"br_video_player_e6aa5200a80b793a044224d542d9581d75f15694\" class=\"trvd_video_player trvdinstream\" style=\"box-sizing: border-box; height: 185.625px; width: 330px; margin: 0px auto; background-color: #000000; position: absolute; overflow: visible; opacity: 1; z-index: 1; direction: ltr !important; animation: 0.01s linear 0s 1 normal forwards running trv-animate-back-to-instream;\">\n<div class=\"media-player\" style=\"box-sizing: content-box; transform: unset; overflow: unset; position: unset; margin: unset; font-family: arial; height: 185.625px;\">\n<div class=\"trv-video\" style=\"box-sizing: content-box; transform: unset; overflow: unset; position: unset; margin: unset;\">\n<div id=\"truvid_ima_container9065\" class=\"truvid_ima_container trv-ima-container-hidden\" style=\"box-sizing: content-box; transform: scale(0); overflow: unset; position: absolute; margin: unset; top: 0px; pointer-events: none; opacity: 0;\">\n<div style=\"box-sizing: content-box; transform: unset; overflow: unset; position: absolute; margin: unset;\"><iframe id=\"goog_143088701\" style=\"box-sizing: content-box; line-height: 1; margin: 0px; max-width: 100%; width: 0px; transform: unset; overflow: unset; position: relative; opacity: 0; padding: 0px; color-scheme: light;\" title=\"Advertisement\" src=\"https:\/\/imasdk.googleapis.com\/js\/core\/bridge3.739.0_en.html#deid=%22%22&amp;eventfe_experiment_ids=%5B%5D&amp;fid=%22goog_143088701%22&amp;genotype_experiment_data=%7B%22experimentStateProto%22%3A%22%5B%5B%5B45713128%2Cnull%2Cnull%2C%5B%5D%5D%2C%5Bnull%2C745150931%2Cnull%2C%5Bnull%2C1%5D%5D%2C%5Bnull%2C749060184%2Cnull%2C%5Bnull%2C128%5D%5D%2C%5B841585769%2Cnull%2Cnull%2C%5B1%5D%5D%2C%5B45722344%2Cnull%2Cnull%2C%5B%5D%5D%2C%5B45706017%2Cnull%2Cnull%2C%5B1%5D%5D%2C%5B45740207%2Cnull%2Cnull%2C%5B%5D%5D%2C%5B45668885%2Cnull%2Cnull%2C%5B%5D%5D%2C%5B45685340%2Cnull%2Cnull%2C%5B%5D%5D%2C%5B45734716%2Cnull%2Cnull%2C%5B%5D%5D%2C%5B45735891%2Cnull%2Cnull%2C%5B%5D%5D%2C%5B45663239%2Cnull%2Cnull%2C%5B%5D%5D%2C%5B45715032%2Cnull%2Cnull%2C%5B1%5D%5D%2C%5B45661356%2Cnull%2Cnull%2C%5B%5D%5D%2C%5B839547366%2Cnull%2Cnull%2C%5B1%5D%5D%2C%5B45676441%2Cnull%2Cnull%2C%5B%5D%5D%2C%5B45675307%2Cnull%2Cnull%2C%5B1%5D%5D%2C%5B45675308%2Cnull%2Cnull%2C%5B1%5D%5D%2C%5Bnull%2C45645574%2Cnull%2C%5B%5D%5D%2C%5B45688859%2Cnull%2Cnull%2C%5B%5D%5D%2C%5B45656766%2Cnull%2Cnull%2C%5B%5D%5D%2C%5B45710689%2Cnull%2Cnull%2C%5B%5D%5D%2C%5B45710688%2Cnull%2Cnull%2C%5B1%5D%5D%2C%5B45685601%2Cnull%2Cnull%2C%5B%5D%5D%2C%5Bnull%2C45685602%2Cnull%2C%5Bnull%2C500%5D%5D%2C%5B45747172%2Cnull%2Cnull%2C%5B%5D%5D%2C%5B775241416%2Cnull%2Cnull%2C%5B%5D%5D%2C%5B781107959%2Cnull%2Cnull%2C%5B%5D%5D%2C%5B781107958%2Cnull%2Cnull%2C%5B%5D%5D%2C%5B792614055%2Cnull%2Cnull%2C%5B%5D%5D%2C%5B781107957%2Cnull%2Cnull%2C%5B%5D%5D%2C%5B45729602%2Cnull%2Cnull%2C%5B%5D%5D%2C%5B45658982%2Cnull%2Cnull%2C%5B%5D%5D%2C%5B45725657%2Cnull%2Cnull%2C%5B%5D%5D%5D%2C%5B%5B16%2C%5B%5B1%2C%5B%5B31089630%5D%2C%5B31089631%2C%5B%5B45668885%2Cnull%2Cnull%2C%5B1%5D%5D%5D%5D%5D%5D%2C%5B1000%2C%5B%5B95332046%5D%5D%5D%2C%5Bnull%2C%5B%5B95332047%5D%5D%5D%2C%5B10%2C%5B%5B95333808%5D%2C%5B95333809%2C%5B%5B635466687%2Cnull%2Cnull%2C%5B1%5D%5D%5D%5D%5D%5D%2C%5B10%2C%5B%5B95338769%2C%5B%5Bnull%2C45645574%2Cnull%2C%5Bnull%2C1%5D%5D%5D%5D%2C%5B95338770%2C%5B%5Bnull%2C45645574%2Cnull%2C%5Bnull%2C2%5D%5D%5D%5D%5D%5D%2C%5B50%2C%5B%5B95345206%5D%2C%5B95345207%2C%5B%5B45661356%2Cnull%2Cnull%2C%5B1%5D%5D%5D%5D%5D%5D%2C%5B1%2C%5B%5B95351425%5D%2C%5B95351426%2C%5B%5B45676441%2Cnull%2Cnull%2C%5B1%5D%5D%5D%5D%5D%5D%2C%5B20%2C%5B%5B95356068%5D%2C%5B95356069%2C%5B%5B45685601%2Cnull%2Cnull%2C%5B%5D%5D%2C%5Bnull%2C45685602%2Cnull%2C%5B%5D%5D%5D%5D%2C%5B95356070%2C%5B%5B45685601%2Cnull%2Cnull%2C%5B1%5D%5D%2C%5Bnull%2C45685602%2Cnull%2C%5B%5D%5D%5D%5D%2C%5B95356071%2C%5B%5B45685601%2Cnull%2Cnull%2C%5B1%5D%5D%2C%5Bnull%2C45685602%2Cnull%2C%5Bnull%2C100%5D%5D%5D%5D%5D%5D%2C%5B1%2C%5B%5B95373378%2C%5B%5B792614055%2Cnull%2Cnull%2C%5B1%5D%5D%5D%5D%2C%5B95373379%2C%5B%5B45747172%2Cnull%2Cnull%2C%5B1%5D%5D%2C%5B781107959%2Cnull%2Cnull%2C%5B1%5D%5D%2C%5B792614055%2Cnull%2Cnull%2C%5B1%5D%5D%2C%5B781107957%2Cnull%2Cnull%2C%5B1%5D%5D%5D%5D%5D%5D%2C%5Bnull%2C%5B%5B95375930%5D%2C%5B95375931%2C%5B%5B45734716%2Cnull%2Cnull%2C%5B1%5D%5D%5D%5D%2C%5B95376520%2C%5B%5B45734716%2Cnull%2Cnull%2C%5B1%5D%5D%2C%5B45735891%2Cnull%2Cnull%2C%5B1%5D%5D%5D%5D%5D%5D%2C%5Bnull%2C%5B%5B95378095%5D%2C%5B95378096%2C%5B%5B45740207%2Cnull%2Cnull%2C%5B1%5D%5D%5D%5D%5D%5D%2C%5B10%2C%5B%5B95378629%5D%2C%5B95378630%2C%5B%5B45729602%2Cnull%2Cnull%2C%5B1%5D%5D%5D%5D%5D%5D%5D%5D%5D%2Cnull%2Cnull%2C%5Bnull%2C1000%2C1%2C1000%5D%5D%22%7D&amp;imalib_experiments=%5B44752657%2C95322027%2C95331589%2C95332046%5D&amp;is_eap_loader=false&amp;managed_js_experiment_id=0&amp;page_correlator=922436931391213&amp;pvsid=892851043079010&amp;top_accessible_page_url=%22https%3A%2F%2Fcentralna.ba%2Fdanas-u-vitezu-okrugli-stol-osmica-od-sjecanja-do-memorijalnog-centra%2F%3Ffbclid%3DIwY2xjawPlO59leHRuA2FlbQIxMQBzcnRjBmFwcF9pZAwzNTA2ODU1MzE3MjgAAR5SzvV5bG64UiPcckgQOEdpLOd-mPD4SAmrh87w4PgmOvDqlDKN-jbesEHb_A_aem_Iq5MknzCrazXDJSfRuUW5g%23google_vignette%22\" allowfullscreen=\"allowfullscreen\"><\/iframe><iframe style=\"box-sizing: content-box; border-width: initial; border-style: none; line-height: 1; margin: unset; max-width: 100%; width: 0px; transform: unset; overflow: unset; position: absolute; visibility: hidden; height: 0px; left: 0px; top: 0px;\" title=\"Advertisement\"><\/iframe><\/div>\n<\/div>\n<\/div>\n<div class=\"trv-poster\" style=\"box-sizing: content-box; transform: unset; overflow: hidden; position: absolute; margin: unset; opacity: 1; visibility: hidden; width: 330px; height: 185.625px; background-image: initial; background-position: 50% 50%; background-size: cover; background-repeat: no-repeat; background-attachment: initial; background-origin: initial; background-clip: initial; cursor: pointer;\"><img decoding=\"async\" style=\"box-sizing: content-box; height: 185.625px; border-radius: 0px; box-shadow: none; transform: unset; overflow: unset; position: unset; margin: unset; width: 330px; object-fit: cover;\" src=\"https:\/\/src.trvdp.com\/images\/928419ae5ef0db6da06061f371706f1fcba24a44_3.jpg\" alt=\"Propovijed: Obljetnica u Buhinim Ku\u0107ama\" \/><\/div>\n<div class=\"mobile-unmute-wrapper large-unmute\" style=\"box-sizing: content-box; transform: unset; overflow: unset; position: absolute; margin: unset; top: 1em; left: 1em; z-index: 10; opacity: 1; transition: opacity 0.2s ease-in-out;\"><\/div>\n<\/div>\n<div class=\"trv-autoskip-container\" style=\"box-sizing: content-box; transform: unset; overflow: unset; position: absolute; margin: unset; visibility: hidden; top: 22px; right: 32px; max-width: 30%; min-height: 310px; z-index: 10;\">\n<div class=\"trv-autoskip-background\" style=\"box-sizing: content-box; transform: unset; overflow: unset; position: relative; margin: unset; background-color: white; display: flex; justify-content: center; align-items: center; padding: 5px;\"><img class=\"trv-autoskip-poster\" style=\"box-sizing: content-box; height: 50.0625px; border-radius: 0px; box-shadow: none; transform: unset; overflow: unset; position: unset; margin: unset; width: 89px;\" alt=\"auto skip\" width=\"192\" height=\"108\" \/><\/p>\n<div class=\"trv-autoskip-line-top\" style=\"box-sizing: content-box; transform: unset; overflow: unset; position: absolute; margin: unset; visibility: hidden; width: 99px; height: 5px; background: transparent; top: 0px; left: 0px;\">\n<div style=\"box-sizing: content-box; transform: unset; overflow: unset; position: absolute; margin: unset; top: 0px; left: 0px; width: 99px; height: 5px; background: #4750ff; transform-origin: left center;\"><\/div>\n<\/div>\n<div class=\"trv-autoskip-line-right\" style=\"box-sizing: content-box; transform: unset; overflow: unset; position: absolute; margin: unset; visibility: hidden; width: 5px; height: 60.0625px; background: transparent; top: 0px; right: 0px;\">\n<div style=\"box-sizing: content-box; transform: unset; overflow: unset; position: absolute; margin: unset; top: 0px; right: 0px; width: 5px; height: 60.0625px; background: #4750ff; transform-origin: center top;\"><\/div>\n<\/div>\n<div class=\"trv-autoskip-line-bottom\" style=\"box-sizing: content-box; transform: unset; overflow: unset; position: absolute; margin: unset; visibility: hidden; width: 99px; height: 5px; background: transparent; bottom: 0px; right: 0px;\">\n<div style=\"box-sizing: content-box; transform: unset; overflow: unset; position: absolute; margin: unset; bottom: 0px; right: 0px; width: 99px; height: 5px; background: #4750ff; transform-origin: right center;\">\n<div style=\"box-sizing: content-box; transform: unset; overflow: unset; position: absolute; margin: unset; bottom: 0px; left: 0px; width: 5px; height: 60.0625px; background: #4750ff; transform-origin: center bottom;\">\n<img decoding=\"async\" style=\"box-sizing: content-box; border-width: 0px; border-style: initial; height: 1px; border-radius: 0px; box-shadow: none; transform: unset; overflow: unset; position: absolute; margin: unset; width: 1px; visibility: hidden; pointer-events: none;\" src=\"https:\/\/sync.smartadserver.com\/getuid?url=https%3A\/\/v6.truvidplayer.com\/live\/usersync.php%3Fprovider_id%3Dequative%26user_id%3D[sas_uid]&amp;gdpr_consent=&amp;nwid=3356\" \/><\/div>\n<\/div>\n<\/div>\n<\/div>\n<\/div>\n<\/div>\n<\/div>\n<\/div>\n<\/div>\n<p style=\"box-sizing: border-box; margin-block: 0px 0.9rem; backface-visibility: hidden; margin: 0px 0px 1em; padding: 0px; word-break: break-word; hyphens: initial; color: #000000; font-family: Roboto, sans-serif; font-size: 18px; outline: none !important;\">Na okruglom stolu sudjelovat \u0107e predstavnici institucija, akademske zajednice, kulturnih i memorijalnih ustanova, braniteljskih i dru\u0161tvenih organizacija, kao i predstavnici lokalne zajednice.<\/p>\n<p style=\"box-sizing: border-box; margin-block: 0px 0.9rem; backface-visibility: hidden; margin: 0px 0px 1em; padding: 0px; word-break: break-word; hyphens: initial; color: #000000; font-family: Roboto, sans-serif; font-size: 18px; outline: none !important;\">Program:<\/p>\n<div id=\"centr-3585147168\" class=\"centr-sadrzaj_7\" style=\"box-sizing: border-box; text-align: center;\">\n<div id=\"centr-3773229374\" class=\"centr-target\" style=\"box-sizing: border-box;\" data-centr-trackid=\"363172\" data-centr-trackbid=\"1\"><a class=\"adv-link\" style=\"box-sizing: border-box; text-decoration-line: none; background-color: transparent; color: #cc3366; box-shadow: none;\" href=\"http:\/\/lysobact.ba\/sr\/\" rel=\"noopener\" data-no-instant=\"1\" aria-label=\"Lysobact \u2013 zimski 470\u00d7300\"><img loading=\"lazy\" decoding=\"async\" class=\"no-lazyload\" style=\"box-sizing: border-box; border-radius: 0px; box-shadow: none;\" src=\"https:\/\/centralna.ba\/wp-content\/uploads\/2025\/06\/Lysobact-zimski-470x300-1.jpg\" sizes=\"(max-width: 470px) 100vw, 470px\" srcset=\"https:\/\/centralna.ba\/wp-content\/uploads\/2025\/06\/Lysobact-zimski-470x300-1.jpg 470w, https:\/\/centralna.ba\/wp-content\/uploads\/2025\/06\/Lysobact-zimski-470x300-1-300x191.jpg 300w\" alt=\"\" width=\"470\" height=\"300\" \/><\/a><\/div>\n<\/div>\n<ul class=\"wp-block-list\" style=\"background: transparent; border: 0px; font-size: 18px; margin-block: 0px; vertical-align: baseline; backface-visibility: hidden; margin: 0px 0px 0px 26px; padding: 0px; word-break: break-word; color: #000000; outline: none !important;\">\n<li style=\"box-sizing: border-box; background: transparent; border: 0px; margin-block: 0px; vertical-align: baseline; backface-visibility: hidden; margin: 0px; padding: 8px; word-break: break-word; list-style-type: none; outline: none !important;\">\u2022 13:00 \u2013 Okupljanje sudionika<\/li>\n<li style=\"box-sizing: border-box; background: transparent; border: 0px; margin-block: 0px; vertical-align: baseline; backface-visibility: hidden; margin: 0px; padding: 8px; word-break: break-word; list-style-type: none; outline: none !important;\">\u2022 13:15 \u2013 Posjet spomen-obilje\u017eju \u201eOsmica\u201c i lokaciji budu\u0107eg Memorijalnog centra<\/li>\n<li style=\"box-sizing: border-box; background: transparent; border: 0px; margin-block: 0px; vertical-align: baseline; backface-visibility: hidden; margin: 0px; padding: 8px; word-break: break-word; list-style-type: none; outline: none !important;\">\u2022 14:30 \u2013 Okrugli stol u konferencijskoj dvorani Etno sela \u201e\u010cardaci\u201c<\/li>\n<\/ul>\n<p style=\"box-sizing: border-box; margin-block: 0px 0.9rem; backface-visibility: hidden; margin: 0px; padding: 0px; word-break: break-word; hyphens: initial; color: #000000; font-family: Roboto, sans-serif; font-size: 18px; outline: none !important;\">Organizatori isti\u010du kako je ovaj skup va\u017ean prvi korak prema realizaciji Memorijalnog centra \u201eOsmica\u201c, koji bi trebao postati trajno mjesto sje\u0107anja, ali i odgovorne poruke budu\u0107im generacijama.<\/p>\n<p style=\"box-sizing: border-box; margin-block: 0px 0.9rem; backface-visibility: hidden; margin: 0px; padding: 0px; word-break: break-word; hyphens: initial; color: #000000; font-family: Roboto, sans-serif; font-size: 18px; outline: none !important;\">Izvor: <a href=\"_wp_link_placeholder\" data-wplink-edit=\"true\">centralna.ba<\/a><\/p>\n<\/div>\n<\/div>\n","protected":false},"excerpt":{"rendered":"<p>U Vitezu \u0107e se danas, 27. sije\u010dnja, odr\u017eati okrugli stol pod nazivom \u201eOsmica \u2013 od sje\u0107anja do Memorijalnog centra\u201c, posve\u0107en istini, kulturi sje\u0107anja i inicijativi izgradnje Memorijalnog centra \u201eOsmica\u201c. Okrugli stol organizira Udruga \u201eOsmica\u201c iz Viteza, pod pokroviteljstvom predsjednice Federacije &hellip; <a href=\"http:\/\/mandino-selo.com\/wp\/danas-u-vitezu-okrugli-stol-osmica-od-sjecanja-do-memorijalnog-centra\/\">pro\u010ditajte vi\u0161e<\/a><\/p>\n","protected":false},"author":31,"featured_media":166234,"comment_status":"open","ping_status":"open","sticky":false,"template":"","format":"standard","meta":{"ngg_post_thumbnail":0,"kt_blocks_editor_width":"","footnotes":""},"categories":[3],"tags":[],"_links":{"self":[{"href":"http:\/\/mandino-selo.com\/wp\/wp-json\/wp\/v2\/posts\/166232"}],"collection":[{"href":"http:\/\/mandino-selo.com\/wp\/wp-json\/wp\/v2\/posts"}],"about":[{"href":"http:\/\/mandino-selo.com\/wp\/wp-json\/wp\/v2\/types\/post"}],"author":[{"embeddable":true,"href":"http:\/\/mandino-selo.com\/wp\/wp-json\/wp\/v2\/users\/31"}],"replies":[{"embeddable":true,"href":"http:\/\/mandino-selo.com\/wp\/wp-json\/wp\/v2\/comments?post=166232"}],"version-history":[{"count":3,"href":"http:\/\/mandino-selo.com\/wp\/wp-json\/wp\/v2\/posts\/166232\/revisions"}],"predecessor-version":[{"id":166236,"href":"http:\/\/mandino-selo.com\/wp\/wp-json\/wp\/v2\/posts\/166232\/revisions\/166236"}],"wp:featuredmedia":[{"embeddable":true,"href":"http:\/\/mandino-selo.com\/wp\/wp-json\/wp\/v2\/media\/166234"}],"wp:attachment":[{"href":"http:\/\/mandino-selo.com\/wp\/wp-json\/wp\/v2\/media?parent=166232"}],"wp:term":[{"taxonomy":"category","embeddable":true,"href":"http:\/\/mandino-selo.com\/wp\/wp-json\/wp\/v2\/categories?post=166232"},{"taxonomy":"post_tag","embeddable":true,"href":"http:\/\/mandino-selo.com\/wp\/wp-json\/wp\/v2\/tags?post=166232"}],"curies":[{"name":"wp","href":"https:\/\/api.w.org\/{rel}","templated":true}]}}