{"id":166121,"date":"2026-01-19T19:19:24","date_gmt":"2026-01-19T17:19:24","guid":{"rendered":"https:\/\/mandino-selo.com\/wp\/?p=166121"},"modified":"2026-01-19T19:19:25","modified_gmt":"2026-01-19T17:19:25","slug":"prosla-vremena-ispod-vedasica-1975-godine","status":"publish","type":"post","link":"http:\/\/mandino-selo.com\/wp\/prosla-vremena-ispod-vedasica-1975-godine\/","title":{"rendered":"PRO\u0160LA VREMENA: Ispod Veda\u0161i\u0107a 1975. godine"},"content":{"rendered":"<p>Na kolima stoje pok. Iva Papi\u0107 &#8220;Rado\u0161u\u0161a&#8221;, An\u0111a i Branko Kri\u017eanac, na rudi stoji Stojan Papi\u0107, ispred kola pok. Ante &#8211; Tone Papi\u0107 i Ljuba Kri\u017eanac.<\/p>\n<p>Ljuba ina\u010de nosi ime pok. Mile &#8211; Ljube Papi\u0107 (1930.), nedu\u017ena djeteta stradala od mine kod Peri\u0107a mosta 31. prosinca 1943. godine, zajedno s jo\u0161 troje veda\u0161i\u0107kih mali\u0161ana.<\/p>\n","protected":false},"excerpt":{"rendered":"<p>Na kolima stoje pok. Iva Papi\u0107 &#8220;Rado\u0161u\u0161a&#8221;, An\u0111a i Branko Kri\u017eanac, na rudi stoji Stojan Papi\u0107, ispred kola pok. Ante &#8211; Tone Papi\u0107 i Ljuba Kri\u017eanac. Ljuba ina\u010de nosi ime pok. Mile &#8211; Ljube Papi\u0107 (1930.), nedu\u017ena djeteta stradala od &hellip; <a href=\"http:\/\/mandino-selo.com\/wp\/prosla-vremena-ispod-vedasica-1975-godine\/\">pro\u010ditajte vi\u0161e<\/a><\/p>\n","protected":false},"author":31,"featured_media":166122,"comment_status":"open","ping_status":"open","sticky":false,"template":"","format":"standard","meta":{"ngg_post_thumbnail":0,"kt_blocks_editor_width":"","footnotes":""},"categories":[19],"tags":[],"_links":{"self":[{"href":"http:\/\/mandino-selo.com\/wp\/wp-json\/wp\/v2\/posts\/166121"}],"collection":[{"href":"http:\/\/mandino-selo.com\/wp\/wp-json\/wp\/v2\/posts"}],"about":[{"href":"http:\/\/mandino-selo.com\/wp\/wp-json\/wp\/v2\/types\/post"}],"author":[{"embeddable":true,"href":"http:\/\/mandino-selo.com\/wp\/wp-json\/wp\/v2\/users\/31"}],"replies":[{"embeddable":true,"href":"http:\/\/mandino-selo.com\/wp\/wp-json\/wp\/v2\/comments?post=166121"}],"version-history":[{"count":1,"href":"http:\/\/mandino-selo.com\/wp\/wp-json\/wp\/v2\/posts\/166121\/revisions"}],"predecessor-version":[{"id":166123,"href":"http:\/\/mandino-selo.com\/wp\/wp-json\/wp\/v2\/posts\/166121\/revisions\/166123"}],"wp:featuredmedia":[{"embeddable":true,"href":"http:\/\/mandino-selo.com\/wp\/wp-json\/wp\/v2\/media\/166122"}],"wp:attachment":[{"href":"http:\/\/mandino-selo.com\/wp\/wp-json\/wp\/v2\/media?parent=166121"}],"wp:term":[{"taxonomy":"category","embeddable":true,"href":"http:\/\/mandino-selo.com\/wp\/wp-json\/wp\/v2\/categories?post=166121"},{"taxonomy":"post_tag","embeddable":true,"href":"http:\/\/mandino-selo.com\/wp\/wp-json\/wp\/v2\/tags?post=166121"}],"curies":[{"name":"wp","href":"https:\/\/api.w.org\/{rel}","templated":true}]}}