{"id":153486,"date":"2025-02-14T23:06:00","date_gmt":"2025-02-14T21:06:00","guid":{"rendered":"https:\/\/mandino-selo.com\/wp\/?p=153486"},"modified":"2025-02-15T08:07:42","modified_gmt":"2025-02-15T06:07:42","slug":"smotra-povijesnih-postrojbi-5-srpnja-u-tomislavgradu","status":"publish","type":"post","link":"http:\/\/mandino-selo.com\/wp\/smotra-povijesnih-postrojbi-5-srpnja-u-tomislavgradu\/","title":{"rendered":"SMOTRA POVIJESNIH POSTROJBI 5. SRPNJA U TOMISLAVGRADU"},"content":{"rendered":"<p>U povodu proslave 1100. obljetnice splitskih sabora i krunidbe prvoga hrvatskog kralja Tomislava na Duvanjskom polju u Tomislavgradu \u0107e 5. srpnja biti slavljena sveta misa svih hrvatskih biskupa.<\/p>\n<p>Uz brojni vjerni\u010dki puk na\u0161 kraljevski grad pohodit \u0107e i brojne povijesne postrojbe iz Republike Hrvatske i BiH.<\/p>\n<p>Ba\u0161 kao i 2017. u povodu 20. obljetnice Hajdu\u010dke dru\u017eine Mijata Tomi\u0107a i 25. obljetnice Brigade kralja Tomislava i 2019. kada je sve\u010dano otvoren Trg gange i Hajdu\u010dke dru\u017eine.<\/p>\n<p>Upamtite dobro: 5. srpnja vidimo se u kraljevskom Tomislavgradu!<\/p>\n","protected":false},"excerpt":{"rendered":"<p>U povodu proslave 1100. obljetnice splitskih sabora i krunidbe prvoga hrvatskog kralja Tomislava na Duvanjskom polju u Tomislavgradu \u0107e 5. srpnja biti slavljena sveta misa svih hrvatskih biskupa. Uz brojni vjerni\u010dki puk na\u0161 kraljevski grad pohodit \u0107e i brojne povijesne &hellip; <a href=\"http:\/\/mandino-selo.com\/wp\/smotra-povijesnih-postrojbi-5-srpnja-u-tomislavgradu\/\">pro\u010ditajte vi\u0161e<\/a><\/p>\n","protected":false},"author":31,"featured_media":153487,"comment_status":"open","ping_status":"open","sticky":false,"template":"","format":"standard","meta":{"ngg_post_thumbnail":0,"kt_blocks_editor_width":"","footnotes":""},"categories":[3],"tags":[],"_links":{"self":[{"href":"http:\/\/mandino-selo.com\/wp\/wp-json\/wp\/v2\/posts\/153486"}],"collection":[{"href":"http:\/\/mandino-selo.com\/wp\/wp-json\/wp\/v2\/posts"}],"about":[{"href":"http:\/\/mandino-selo.com\/wp\/wp-json\/wp\/v2\/types\/post"}],"author":[{"embeddable":true,"href":"http:\/\/mandino-selo.com\/wp\/wp-json\/wp\/v2\/users\/31"}],"replies":[{"embeddable":true,"href":"http:\/\/mandino-selo.com\/wp\/wp-json\/wp\/v2\/comments?post=153486"}],"version-history":[{"count":1,"href":"http:\/\/mandino-selo.com\/wp\/wp-json\/wp\/v2\/posts\/153486\/revisions"}],"predecessor-version":[{"id":153488,"href":"http:\/\/mandino-selo.com\/wp\/wp-json\/wp\/v2\/posts\/153486\/revisions\/153488"}],"wp:featuredmedia":[{"embeddable":true,"href":"http:\/\/mandino-selo.com\/wp\/wp-json\/wp\/v2\/media\/153487"}],"wp:attachment":[{"href":"http:\/\/mandino-selo.com\/wp\/wp-json\/wp\/v2\/media?parent=153486"}],"wp:term":[{"taxonomy":"category","embeddable":true,"href":"http:\/\/mandino-selo.com\/wp\/wp-json\/wp\/v2\/categories?post=153486"},{"taxonomy":"post_tag","embeddable":true,"href":"http:\/\/mandino-selo.com\/wp\/wp-json\/wp\/v2\/tags?post=153486"}],"curies":[{"name":"wp","href":"https:\/\/api.w.org\/{rel}","templated":true}]}}