{"id":146641,"date":"2025-07-27T09:04:39","date_gmt":"2025-07-27T07:04:39","guid":{"rendered":"https:\/\/mandino-selo.com\/wp\/?p=146641"},"modified":"2025-07-27T09:04:40","modified_gmt":"2025-07-27T07:04:40","slug":"cetvrti-svjetski-dan-djedova-baka-i-starijih-odoba","status":"publish","type":"post","link":"http:\/\/mandino-selo.com\/wp\/cetvrti-svjetski-dan-djedova-baka-i-starijih-odoba\/","title":{"rendered":"PETI SVJETSKI DAN DJEDOVA, BAKA I STARIJIH OSOBA"},"content":{"rendered":"<p>Prema odluci pape Franje u nedjelju najbli\u017eu spomendanu svetih Joakima i Ane, koja je ove godine 28. srpnja 2025., slavi se Peti svjetski dan djedova i baka i starijih osoba. U sklopu toga je papa napisao i dirljivu poruku. Ove godine je tema \u2018Ne odbaci me u starosti mojoj\u2019, \u010dime se \u017eeli naglasiti kako su stariji \u010desto usamljeni, ali i kako bi im se trebala izraziti zahvalnost za sve \u0161to su u\u010dinili u svojem \u017eivotu. Papa Franjo isti\u010de kako Bog ne napu\u0161ta svoju djecu, ni u poodmaklim godinama. Dodao je i kako ne baca nijedan kamen, ali i kako je \u2018stariji\u2019 kamen siguran temelj na koje se \u2018novi\u2019 mo\u017ee staviti kako bi zajedno tvorili duhovnu ku\u0107u. Dodao je kako \u0107e Bog biti blizu i u starosti, tim vi\u0161e \u0161to je u Bibliji starenje znak blagoslova.<\/p>\n<p><strong>Radio \u0110akovo<\/strong><\/p>\n","protected":false},"excerpt":{"rendered":"<p>Prema odluci pape Franje u nedjelju najbli\u017eu spomendanu svetih Joakima i Ane, koja je ove godine 28. srpnja 2025., slavi se Peti svjetski dan djedova i baka i starijih osoba. U sklopu toga je papa napisao i dirljivu poruku. Ove &hellip; <a href=\"http:\/\/mandino-selo.com\/wp\/cetvrti-svjetski-dan-djedova-baka-i-starijih-odoba\/\">pro\u010ditajte vi\u0161e<\/a><\/p>\n","protected":false},"author":31,"featured_media":146642,"comment_status":"open","ping_status":"open","sticky":false,"template":"","format":"standard","meta":{"ngg_post_thumbnail":0,"kt_blocks_editor_width":"","footnotes":""},"categories":[3],"tags":[],"_links":{"self":[{"href":"http:\/\/mandino-selo.com\/wp\/wp-json\/wp\/v2\/posts\/146641"}],"collection":[{"href":"http:\/\/mandino-selo.com\/wp\/wp-json\/wp\/v2\/posts"}],"about":[{"href":"http:\/\/mandino-selo.com\/wp\/wp-json\/wp\/v2\/types\/post"}],"author":[{"embeddable":true,"href":"http:\/\/mandino-selo.com\/wp\/wp-json\/wp\/v2\/users\/31"}],"replies":[{"embeddable":true,"href":"http:\/\/mandino-selo.com\/wp\/wp-json\/wp\/v2\/comments?post=146641"}],"version-history":[{"count":3,"href":"http:\/\/mandino-selo.com\/wp\/wp-json\/wp\/v2\/posts\/146641\/revisions"}],"predecessor-version":[{"id":160492,"href":"http:\/\/mandino-selo.com\/wp\/wp-json\/wp\/v2\/posts\/146641\/revisions\/160492"}],"wp:featuredmedia":[{"embeddable":true,"href":"http:\/\/mandino-selo.com\/wp\/wp-json\/wp\/v2\/media\/146642"}],"wp:attachment":[{"href":"http:\/\/mandino-selo.com\/wp\/wp-json\/wp\/v2\/media?parent=146641"}],"wp:term":[{"taxonomy":"category","embeddable":true,"href":"http:\/\/mandino-selo.com\/wp\/wp-json\/wp\/v2\/categories?post=146641"},{"taxonomy":"post_tag","embeddable":true,"href":"http:\/\/mandino-selo.com\/wp\/wp-json\/wp\/v2\/tags?post=146641"}],"curies":[{"name":"wp","href":"https:\/\/api.w.org\/{rel}","templated":true}]}}