{"id":139110,"date":"2023-12-28T14:08:57","date_gmt":"2023-12-28T12:08:57","guid":{"rendered":"https:\/\/mandino-selo.com\/wp\/?p=139110"},"modified":"2023-12-28T14:08:58","modified_gmt":"2023-12-28T12:08:58","slug":"preminuo-je-ivan-rados-kum-1959-2023","status":"publish","type":"post","link":"http:\/\/mandino-selo.com\/wp\/preminuo-je-ivan-rados-kum-1959-2023\/","title":{"rendered":"PREMINUO JE IVAN RADO\u0160 &#8211; KUM (1959.  &#8211; 2023.)"},"content":{"rendered":"<p>O\u017ealo\u0161\u0107enoj obitelji upu\u0107ujemo izraze iskrene kr\u0161\u0107anske su\u0107uti. Po\u010divao u miru Bo\u017ejem!<\/p>\n\n\n<figure class=\"wp-block-gallery has-nested-images columns-default is-cropped wp-block-gallery-1 is-layout-flex wp-block-gallery-is-layout-flex\">\n<figure class=\"wp-block-image size-large\"><img loading=\"lazy\" decoding=\"async\" width=\"800\" height=\"564\" data-id=\"139111\" src=\"https:\/\/mandino-selo.com\/wp\/wp-content\/uploads\/2023\/12\/Ivan-Rados-Kum.jpeg.jpg\" alt=\"\" class=\"wp-image-139111\" srcset=\"http:\/\/mandino-selo.com\/wp\/wp-content\/uploads\/2023\/12\/Ivan-Rados-Kum.jpeg.jpg 800w, http:\/\/mandino-selo.com\/wp\/wp-content\/uploads\/2023\/12\/Ivan-Rados-Kum.jpeg-350x247.jpg 350w, http:\/\/mandino-selo.com\/wp\/wp-content\/uploads\/2023\/12\/Ivan-Rados-Kum.jpeg-768x541.jpg 768w\" sizes=\"(max-width: 800px) 100vw, 800px\" \/><\/figure>\n<\/figure>\n","protected":false},"excerpt":{"rendered":"<p>O\u017ealo\u0161\u0107enoj obitelji upu\u0107ujemo izraze iskrene kr\u0161\u0107anske su\u0107uti. Po\u010divao u miru Bo\u017ejem!<\/p>\n","protected":false},"author":31,"featured_media":139111,"comment_status":"open","ping_status":"open","sticky":false,"template":"","format":"standard","meta":{"ngg_post_thumbnail":0,"kt_blocks_editor_width":"","footnotes":""},"categories":[3],"tags":[],"_links":{"self":[{"href":"http:\/\/mandino-selo.com\/wp\/wp-json\/wp\/v2\/posts\/139110"}],"collection":[{"href":"http:\/\/mandino-selo.com\/wp\/wp-json\/wp\/v2\/posts"}],"about":[{"href":"http:\/\/mandino-selo.com\/wp\/wp-json\/wp\/v2\/types\/post"}],"author":[{"embeddable":true,"href":"http:\/\/mandino-selo.com\/wp\/wp-json\/wp\/v2\/users\/31"}],"replies":[{"embeddable":true,"href":"http:\/\/mandino-selo.com\/wp\/wp-json\/wp\/v2\/comments?post=139110"}],"version-history":[{"count":1,"href":"http:\/\/mandino-selo.com\/wp\/wp-json\/wp\/v2\/posts\/139110\/revisions"}],"predecessor-version":[{"id":139112,"href":"http:\/\/mandino-selo.com\/wp\/wp-json\/wp\/v2\/posts\/139110\/revisions\/139112"}],"wp:featuredmedia":[{"embeddable":true,"href":"http:\/\/mandino-selo.com\/wp\/wp-json\/wp\/v2\/media\/139111"}],"wp:attachment":[{"href":"http:\/\/mandino-selo.com\/wp\/wp-json\/wp\/v2\/media?parent=139110"}],"wp:term":[{"taxonomy":"category","embeddable":true,"href":"http:\/\/mandino-selo.com\/wp\/wp-json\/wp\/v2\/categories?post=139110"},{"taxonomy":"post_tag","embeddable":true,"href":"http:\/\/mandino-selo.com\/wp\/wp-json\/wp\/v2\/tags?post=139110"}],"curies":[{"name":"wp","href":"https:\/\/api.w.org\/{rel}","templated":true}]}}