{"id":138035,"date":"2023-12-04T18:57:32","date_gmt":"2023-12-04T16:57:32","guid":{"rendered":"https:\/\/mandino-selo.com\/wp\/?p=138035"},"modified":"2023-12-04T18:57:33","modified_gmt":"2023-12-04T16:57:33","slug":"preminula-je-anda-majic-rod-1959","status":"publish","type":"post","link":"http:\/\/mandino-selo.com\/wp\/preminula-je-anda-majic-rod-1959\/","title":{"rendered":"PREMINULA JE AN\u0110A MAJI\u0106 (RO\u0110. 1959.)"},"content":{"rendered":"<p>Po\u010divala u miru Bo\u017ejem!<\/p>\n<p>Iskrena su\u0107ut obitelji, rodbini i prijateljima pok. An\u0111e.<\/p>\n","protected":false},"excerpt":{"rendered":"<p>Po\u010divala u miru Bo\u017ejem! Iskrena su\u0107ut obitelji, rodbini i prijateljima pok. An\u0111e.<\/p>\n","protected":false},"author":31,"featured_media":138036,"comment_status":"open","ping_status":"open","sticky":false,"template":"","format":"standard","meta":{"ngg_post_thumbnail":0,"kt_blocks_editor_width":"","footnotes":""},"categories":[3],"tags":[],"_links":{"self":[{"href":"http:\/\/mandino-selo.com\/wp\/wp-json\/wp\/v2\/posts\/138035"}],"collection":[{"href":"http:\/\/mandino-selo.com\/wp\/wp-json\/wp\/v2\/posts"}],"about":[{"href":"http:\/\/mandino-selo.com\/wp\/wp-json\/wp\/v2\/types\/post"}],"author":[{"embeddable":true,"href":"http:\/\/mandino-selo.com\/wp\/wp-json\/wp\/v2\/users\/31"}],"replies":[{"embeddable":true,"href":"http:\/\/mandino-selo.com\/wp\/wp-json\/wp\/v2\/comments?post=138035"}],"version-history":[{"count":1,"href":"http:\/\/mandino-selo.com\/wp\/wp-json\/wp\/v2\/posts\/138035\/revisions"}],"predecessor-version":[{"id":138037,"href":"http:\/\/mandino-selo.com\/wp\/wp-json\/wp\/v2\/posts\/138035\/revisions\/138037"}],"wp:featuredmedia":[{"embeddable":true,"href":"http:\/\/mandino-selo.com\/wp\/wp-json\/wp\/v2\/media\/138036"}],"wp:attachment":[{"href":"http:\/\/mandino-selo.com\/wp\/wp-json\/wp\/v2\/media?parent=138035"}],"wp:term":[{"taxonomy":"category","embeddable":true,"href":"http:\/\/mandino-selo.com\/wp\/wp-json\/wp\/v2\/categories?post=138035"},{"taxonomy":"post_tag","embeddable":true,"href":"http:\/\/mandino-selo.com\/wp\/wp-json\/wp\/v2\/tags?post=138035"}],"curies":[{"name":"wp","href":"https:\/\/api.w.org\/{rel}","templated":true}]}}