{"id":137523,"date":"2023-11-11T09:29:57","date_gmt":"2023-11-11T07:29:57","guid":{"rendered":"https:\/\/mandino-selo.com\/wp\/?p=137523"},"modified":"2023-11-11T09:37:42","modified_gmt":"2023-11-11T07:37:42","slug":"zasto-krizevi-na-groblju-mira","status":"publish","type":"post","link":"http:\/\/mandino-selo.com\/wp\/zasto-krizevi-na-groblju-mira\/","title":{"rendered":"ZA\u0160TO SE PODI\u017dU KRI\u017dEVI NA GROBLJU MIRA?"},"content":{"rendered":"<p>Dovoljno je pro\u010ditati podatke o broju duvanjskih \u017ertava u Drugom svjetskom ratu koje donosi &#8220;Duvanjski \u017ertvoslov&#8221; i sve \u0107e vam biti jasno za\u0161to se podi\u017eu kri\u017eevi na Groblju mira.\u00a0<\/p>\n<p>\u00a0<\/p>\n<p>Najve\u0107i dio stradalih nikad se nije vratio ku\u0107ama a za grobove im se ne zna niti \u0107e se ikad saznati.<\/p>\n<p>\u00a0<\/p>\n<p>Preuzmite letke sutra u svojim \u017eupama nakon svetih misa, ponesite ku\u0107ama, obavijestite i susjede o ovoj inicijativi.<\/p>\n<p>\u00a0<\/p>\n<p>Popis stradalih potra\u017eite na stranici Op\u0107ine Tomislavgrad: <a href=\"_wp_link_placeholder\" data-wplink-edit=\"true\">https:\/\/tomislavgrad.gov.ba\/<\/a><\/p>\n\n\n<figure class=\"wp-block-gallery has-nested-images columns-1 is-cropped wp-block-gallery-1 is-layout-flex wp-block-gallery-is-layout-flex\">\n<figure class=\"wp-block-image size-large\"><img loading=\"lazy\" decoding=\"async\" width=\"768\" height=\"1024\" data-id=\"137529\" src=\"https:\/\/mandino-selo.com\/wp\/wp-content\/uploads\/2023\/11\/IMG-20231108-WA0012-768x1024.jpg\" alt=\"\" class=\"wp-image-137529\" srcset=\"http:\/\/mandino-selo.com\/wp\/wp-content\/uploads\/2023\/11\/IMG-20231108-WA0012-768x1024.jpg 768w, http:\/\/mandino-selo.com\/wp\/wp-content\/uploads\/2023\/11\/IMG-20231108-WA0012-263x350.jpg 263w, http:\/\/mandino-selo.com\/wp\/wp-content\/uploads\/2023\/11\/IMG-20231108-WA0012-1152x1536.jpg 1152w, http:\/\/mandino-selo.com\/wp\/wp-content\/uploads\/2023\/11\/IMG-20231108-WA0012.jpg 1512w\" sizes=\"(max-width: 768px) 100vw, 768px\" \/><\/figure>\n\n\n\n<figure class=\"wp-block-image size-large\"><img loading=\"lazy\" decoding=\"async\" width=\"768\" height=\"1024\" data-id=\"137527\" src=\"https:\/\/mandino-selo.com\/wp\/wp-content\/uploads\/2023\/11\/IMG-20231108-WA0009-768x1024.jpg\" alt=\"\" class=\"wp-image-137527\" srcset=\"http:\/\/mandino-selo.com\/wp\/wp-content\/uploads\/2023\/11\/IMG-20231108-WA0009-768x1024.jpg 768w, http:\/\/mandino-selo.com\/wp\/wp-content\/uploads\/2023\/11\/IMG-20231108-WA0009-263x350.jpg 263w, http:\/\/mandino-selo.com\/wp\/wp-content\/uploads\/2023\/11\/IMG-20231108-WA0009-1152x1536.jpg 1152w, http:\/\/mandino-selo.com\/wp\/wp-content\/uploads\/2023\/11\/IMG-20231108-WA0009.jpg 1512w\" sizes=\"(max-width: 768px) 100vw, 768px\" \/><\/figure>\n\n\n\n<figure class=\"wp-block-image size-large\"><img loading=\"lazy\" decoding=\"async\" width=\"768\" height=\"1024\" data-id=\"137530\" src=\"https:\/\/mandino-selo.com\/wp\/wp-content\/uploads\/2023\/11\/IMG-20231108-WA0008-768x1024.jpg\" alt=\"\" class=\"wp-image-137530\" srcset=\"http:\/\/mandino-selo.com\/wp\/wp-content\/uploads\/2023\/11\/IMG-20231108-WA0008-768x1024.jpg 768w, http:\/\/mandino-selo.com\/wp\/wp-content\/uploads\/2023\/11\/IMG-20231108-WA0008-263x350.jpg 263w, http:\/\/mandino-selo.com\/wp\/wp-content\/uploads\/2023\/11\/IMG-20231108-WA0008-1152x1536.jpg 1152w, http:\/\/mandino-selo.com\/wp\/wp-content\/uploads\/2023\/11\/IMG-20231108-WA0008.jpg 1512w\" sizes=\"(max-width: 768px) 100vw, 768px\" \/><\/figure>\n\n\n\n<figure class=\"wp-block-image size-large\"><img loading=\"lazy\" decoding=\"async\" width=\"1024\" height=\"727\" data-id=\"137532\" src=\"https:\/\/mandino-selo.com\/wp\/wp-content\/uploads\/2023\/11\/2-Snimka-cijelog-zaslona-07.11.2023-134243-1-1024x727.jpg\" alt=\"\" class=\"wp-image-137532\" srcset=\"http:\/\/mandino-selo.com\/wp\/wp-content\/uploads\/2023\/11\/2-Snimka-cijelog-zaslona-07.11.2023-134243-1-1024x727.jpg 1024w, http:\/\/mandino-selo.com\/wp\/wp-content\/uploads\/2023\/11\/2-Snimka-cijelog-zaslona-07.11.2023-134243-1-350x248.jpg 350w, http:\/\/mandino-selo.com\/wp\/wp-content\/uploads\/2023\/11\/2-Snimka-cijelog-zaslona-07.11.2023-134243-1-768x545.jpg 768w, http:\/\/mandino-selo.com\/wp\/wp-content\/uploads\/2023\/11\/2-Snimka-cijelog-zaslona-07.11.2023-134243-1.jpg 1291w\" sizes=\"(max-width: 1024px) 100vw, 1024px\" \/><\/figure>\n\n\n\n<figure class=\"wp-block-image size-large\"><img loading=\"lazy\" decoding=\"async\" width=\"1024\" height=\"721\" data-id=\"137528\" src=\"https:\/\/mandino-selo.com\/wp\/wp-content\/uploads\/2023\/11\/1-Snimka-cijelog-zaslona-07.11.2023-134238-1-1024x721.jpg\" alt=\"\" class=\"wp-image-137528\" srcset=\"http:\/\/mandino-selo.com\/wp\/wp-content\/uploads\/2023\/11\/1-Snimka-cijelog-zaslona-07.11.2023-134238-1-1024x721.jpg 1024w, http:\/\/mandino-selo.com\/wp\/wp-content\/uploads\/2023\/11\/1-Snimka-cijelog-zaslona-07.11.2023-134238-1-350x246.jpg 350w, http:\/\/mandino-selo.com\/wp\/wp-content\/uploads\/2023\/11\/1-Snimka-cijelog-zaslona-07.11.2023-134238-1-768x540.jpg 768w, http:\/\/mandino-selo.com\/wp\/wp-content\/uploads\/2023\/11\/1-Snimka-cijelog-zaslona-07.11.2023-134238-1.jpg 1286w\" sizes=\"(max-width: 1024px) 100vw, 1024px\" \/><\/figure>\n\n\n\n<figure class=\"wp-block-image size-large\"><img loading=\"lazy\" decoding=\"async\" width=\"910\" height=\"589\" data-id=\"137526\" src=\"https:\/\/mandino-selo.com\/wp\/wp-content\/uploads\/2023\/11\/IMG-20231106-WA0006.jpg\" alt=\"\" class=\"wp-image-137526\" srcset=\"http:\/\/mandino-selo.com\/wp\/wp-content\/uploads\/2023\/11\/IMG-20231106-WA0006.jpg 910w, http:\/\/mandino-selo.com\/wp\/wp-content\/uploads\/2023\/11\/IMG-20231106-WA0006-350x227.jpg 350w, http:\/\/mandino-selo.com\/wp\/wp-content\/uploads\/2023\/11\/IMG-20231106-WA0006-768x497.jpg 768w\" sizes=\"(max-width: 910px) 100vw, 910px\" \/><\/figure>\n<\/figure>\n","protected":false},"excerpt":{"rendered":"<p>Dovoljno je pro\u010ditati podatke o broju duvanjskih \u017ertava u Drugom svjetskom ratu koje donosi &#8220;Duvanjski \u017ertvoslov&#8221; i sve \u0107e vam biti jasno za\u0161to se podi\u017eu kri\u017eevi na Groblju mira.\u00a0 \u00a0 Najve\u0107i dio stradalih nikad se nije vratio ku\u0107ama a za &hellip; <a href=\"http:\/\/mandino-selo.com\/wp\/zasto-krizevi-na-groblju-mira\/\">pro\u010ditajte vi\u0161e<\/a><\/p>\n","protected":false},"author":31,"featured_media":137524,"comment_status":"open","ping_status":"open","sticky":false,"template":"","format":"standard","meta":{"ngg_post_thumbnail":0,"kt_blocks_editor_width":"","footnotes":""},"categories":[3],"tags":[],"_links":{"self":[{"href":"http:\/\/mandino-selo.com\/wp\/wp-json\/wp\/v2\/posts\/137523"}],"collection":[{"href":"http:\/\/mandino-selo.com\/wp\/wp-json\/wp\/v2\/posts"}],"about":[{"href":"http:\/\/mandino-selo.com\/wp\/wp-json\/wp\/v2\/types\/post"}],"author":[{"embeddable":true,"href":"http:\/\/mandino-selo.com\/wp\/wp-json\/wp\/v2\/users\/31"}],"replies":[{"embeddable":true,"href":"http:\/\/mandino-selo.com\/wp\/wp-json\/wp\/v2\/comments?post=137523"}],"version-history":[{"count":6,"href":"http:\/\/mandino-selo.com\/wp\/wp-json\/wp\/v2\/posts\/137523\/revisions"}],"predecessor-version":[{"id":137538,"href":"http:\/\/mandino-selo.com\/wp\/wp-json\/wp\/v2\/posts\/137523\/revisions\/137538"}],"wp:featuredmedia":[{"embeddable":true,"href":"http:\/\/mandino-selo.com\/wp\/wp-json\/wp\/v2\/media\/137524"}],"wp:attachment":[{"href":"http:\/\/mandino-selo.com\/wp\/wp-json\/wp\/v2\/media?parent=137523"}],"wp:term":[{"taxonomy":"category","embeddable":true,"href":"http:\/\/mandino-selo.com\/wp\/wp-json\/wp\/v2\/categories?post=137523"},{"taxonomy":"post_tag","embeddable":true,"href":"http:\/\/mandino-selo.com\/wp\/wp-json\/wp\/v2\/tags?post=137523"}],"curies":[{"name":"wp","href":"https:\/\/api.w.org\/{rel}","templated":true}]}}