{"id":131876,"date":"2025-07-04T03:21:00","date_gmt":"2025-07-04T01:21:00","guid":{"rendered":"https:\/\/mandino-selo.com\/wp\/?p=131876"},"modified":"2025-07-03T05:55:46","modified_gmt":"2025-07-03T03:55:46","slug":"uoci-dana-brigade-kralja-tomislava-objavljujemo-prigodnu-pjesmu","status":"publish","type":"post","link":"http:\/\/mandino-selo.com\/wp\/uoci-dana-brigade-kralja-tomislava-objavljujemo-prigodnu-pjesmu\/","title":{"rendered":"UZ DAN BRIGADE KRALJA TOMISLAVA OBJAVLJUJEMO PRIGODNU PJESMU"},"content":{"rendered":"\n<p><\/p>\n\n\n\n<p><\/p>\n\n\n<p style=\"text-align: left;\">UO\u010cI DANA BRIGADE KRALJA TOMISLAVA<\/p>\n<p>OBJAVLJUJEMO PRIGODNU PJESMU<\/p>\n<p><\/p>\n<p style=\"text-align: left;\"><strong>&nbsp;&nbsp;&nbsp;&nbsp;&nbsp;&nbsp;&nbsp;&nbsp;&nbsp;&nbsp;&nbsp;&nbsp;&nbsp;&nbsp;&nbsp;&nbsp;&nbsp; Ivan i Ante i Jozo i ja s njima<\/strong><\/p>\n<p><\/p>\n<p style=\"text-align: right;\"><em>pripadnicima Interventnog voda<\/em><\/p>\n<p style=\"text-align: right;\"><em>i svim vojnicima Brigade kralja Tomislava<\/em><\/p>\n<p><em>&nbsp;<\/em><\/p>\n<p><\/p>\n<p>Ivan i Ante i Jozo i ja s njima<\/p>\n<p>ispod jedne kote<\/p>\n<p>mislili smo da smo ne\u010dujni i nevidljivi,<\/p>\n<p>ali su oni drugi bili ne\u010dujni i nevidljivi,<\/p>\n<p>dobro ukopani,<\/p>\n<p>pa su nas uhvatili vatrom s boka<\/p>\n<p>i samo smo odjednom vidjeli<\/p>\n<p>kako se zrna zabijaju u zemlju izme\u0111u nas<\/p>\n<p>i kako brste grane ponad nas.<\/p>\n<p><\/p>\n<p>Ivan i Ante i Jozo<\/p>\n<p>sposobni su momci, dobro obu\u010deni i vi\u010dni oru\u017eju,<\/p>\n<p>pa se nisam previ\u0161e ni upla\u0161io<\/p>\n<p>znaju\u0107i kako smo se<\/p>\n<p>Ivan i Ante i Jozo i ja s njima<\/p>\n<p>izvukli prije dva mjeseca,<\/p>\n<p>ba\u0161 kad su svi pomislili da se vi\u0161e nikad ne\u0107emo vratiti.<\/p>\n<p><\/p>\n<p>Jednom, opet, ima nekih godinu i pol,<\/p>\n<p>Ivan i Ante i Jozo i ja s njima<\/p>\n<p>cijelu no\u0107 smo gazili snijeg do pasa:<\/p>\n<p>prvo Ivan,<\/p>\n<p>pa Ante,<\/p>\n<p>pa Jozo,<\/p>\n<p>pa ja<\/p>\n<p>i iznenada smo iznikli iz zemlje,<\/p>\n<p>kako to vole re\u0107i \u0161kolovani oficiri i ostali samozvani stratezi,<\/p>\n<p>\u00abneprijatelju iza le\u0111a\u00bb.<\/p>\n<p><\/p>\n<p>Ivan i Ante i Jozo<\/p>\n<p>sposobni su momci, prisebni i hladnokrvni,<\/p>\n<p>i dok se zrna zabijaju u zemlju izme\u0111u nas<\/p>\n<p>i brste grane ponad nas<\/p>\n<p>mi se pogledavamo&#8230;<\/p>\n<p>I znamo da \u0107emo se opet izvu\u0107i,<\/p>\n<p>Ivan i Ante i Jozo i ja s njima.<\/p>\n<p><\/p>\n<p style=\"text-align: right;\"><strong>Tomislav Maji\u0107<\/strong><\/p>","protected":false},"excerpt":{"rendered":"<p>UO\u010cI DANA BRIGADE KRALJA TOMISLAVA OBJAVLJUJEMO PRIGODNU PJESMU &nbsp;&nbsp;&nbsp;&nbsp;&nbsp;&nbsp;&nbsp;&nbsp;&nbsp;&nbsp;&nbsp;&nbsp;&nbsp;&nbsp;&nbsp;&nbsp;&nbsp; Ivan i Ante i Jozo i ja s njima pripadnicima Interventnog voda i svim vojnicima Brigade kralja Tomislava &nbsp; Ivan i Ante i Jozo i ja s njima ispod jedne kote &hellip; <a href=\"http:\/\/mandino-selo.com\/wp\/uoci-dana-brigade-kralja-tomislava-objavljujemo-prigodnu-pjesmu\/\">pro\u010ditajte vi\u0161e<\/a><\/p>\n","protected":false},"author":31,"featured_media":131878,"comment_status":"open","ping_status":"open","sticky":false,"template":"","format":"standard","meta":{"ngg_post_thumbnail":0,"kt_blocks_editor_width":"","footnotes":""},"categories":[35],"tags":[],"_links":{"self":[{"href":"http:\/\/mandino-selo.com\/wp\/wp-json\/wp\/v2\/posts\/131876"}],"collection":[{"href":"http:\/\/mandino-selo.com\/wp\/wp-json\/wp\/v2\/posts"}],"about":[{"href":"http:\/\/mandino-selo.com\/wp\/wp-json\/wp\/v2\/types\/post"}],"author":[{"embeddable":true,"href":"http:\/\/mandino-selo.com\/wp\/wp-json\/wp\/v2\/users\/31"}],"replies":[{"embeddable":true,"href":"http:\/\/mandino-selo.com\/wp\/wp-json\/wp\/v2\/comments?post=131876"}],"version-history":[{"count":5,"href":"http:\/\/mandino-selo.com\/wp\/wp-json\/wp\/v2\/posts\/131876\/revisions"}],"predecessor-version":[{"id":158636,"href":"http:\/\/mandino-selo.com\/wp\/wp-json\/wp\/v2\/posts\/131876\/revisions\/158636"}],"wp:featuredmedia":[{"embeddable":true,"href":"http:\/\/mandino-selo.com\/wp\/wp-json\/wp\/v2\/media\/131878"}],"wp:attachment":[{"href":"http:\/\/mandino-selo.com\/wp\/wp-json\/wp\/v2\/media?parent=131876"}],"wp:term":[{"taxonomy":"category","embeddable":true,"href":"http:\/\/mandino-selo.com\/wp\/wp-json\/wp\/v2\/categories?post=131876"},{"taxonomy":"post_tag","embeddable":true,"href":"http:\/\/mandino-selo.com\/wp\/wp-json\/wp\/v2\/tags?post=131876"}],"curies":[{"name":"wp","href":"https:\/\/api.w.org\/{rel}","templated":true}]}}