{"id":128400,"date":"2024-03-19T08:23:00","date_gmt":"2024-03-19T06:23:00","guid":{"rendered":"http:\/\/mandino-selo.com\/wp\/?p=128400"},"modified":"2024-03-17T19:17:38","modified_gmt":"2024-03-17T17:17:38","slug":"sveti-josip-zastitnik-mostarsko-duvanjske-biskupije","status":"publish","type":"post","link":"http:\/\/mandino-selo.com\/wp\/sveti-josip-zastitnik-mostarsko-duvanjske-biskupije\/","title":{"rendered":"SVETI JOSIP &#8211; ZA\u0160TITNIK MOSTARSKO DUVANJSKE &#8211; BISKUPIJE"},"content":{"rendered":"<p><em>Dioecesis Mandentriensis- Dulminiensis<\/em><\/p>\n<p>Podru\u010dna\/sufraganska biskupija Vrhbosanske metropolije<\/p>\n<p><strong>Za\u0161titnik Biskupije:&nbsp;<\/strong>sv. Josip, zaru\u010dnik Bla\u017eene Djevice Marije, 19. o\u017eujka<\/p>\n<p><strong>Naslovnica katedrale:<\/strong>&nbsp;Marija Majka Crkve, svetkovina sutradan pod Duhovima<\/p>\n<p class=\"rtejustify\"><strong>Biskupija ili dijeceza.<\/strong>&nbsp;Drugi vatikanski koncil ovim rije\u010dima opisuje biskupiju: \u201cDijeceza je dio Bo\u017ejega naroda koji je povjeren biskupu na pastirsku brigu, dakako uz suradnju prezbiterija. Ukoliko je povezana sa svojim pastirom i skupljena od njega po Evan\u0111elju i Euharistiji u Duhu Svetom, ona tvori mjesnu Crkvu, u kojoj je doista prisutna i djeluje jedna, sveta, katoli\u010dka i apostolska Kristova Crkva\u201d.[1] &nbsp;Bez ikakve promjene u latinskom tekstu Zakonik kanonskoga prava preuzima tu definiciju.[2]<br><strong>Uspostava metropolije<\/strong>&nbsp;i biskupske hijerarhije u Bosni i Hercegovini. Apostolskim pismom&nbsp;<em>Ex hac augusta&nbsp;<\/em>(\u201eS ove uzvi\u0161ene Stolice\u201c), 5. srpnja 1881., papa Lav&nbsp;XIII. odre\u0111uje: \u201eNa vlastitu pobudu, po sigurnu Na\u0161em znanju i zrelu promi\u0161ljanju svom puninom Apostolske vlasti, na ve\u0107u slavu svemogu\u0107ega Boga, na uzvi\u0161enje i porast katoli\u010dke vjere u tim narodima odre\u0111ujemo i odlu\u010dujemo da se u pokrajinama Bosni i Hercegovini ustanovi i bude hijerarhija biskupa ordinarija, prema propisima kanonskih zakona. Oni \u0107e primiti naslov prema sjedi\u0161tima koja ovim Na\u0161im pismom osnivamo te kao crkvenu pokrajinu uspostavljamo\u201c.[3]<br><strong>Tri nova i jedno staro biskupsko sjedi\u0161te<\/strong>. Papa ustanovljuje novo sjedi\u0161te nadbiskupije i metropolije u Sarajevu. Zatim nastavlja:&nbsp;\u201eA njemu dozna\u010dujemo, pridajemo i dodjeljujemo kao pokrajinska ova tri sjedi\u0161ta: dva koja podi\u017eemo kao nova u gradovima Banjoj Luci i Mandetriju, pu\u010dki Mostar, i tre\u0107e, ve\u0107 ustanovljeno, mrkansko-trebinjsko, kojim \u0107e upravljati dubrova\u010dki biskup, kao administrator, dok se druk\u010dije ne odredi.\u201c[4]<br>Spomenutim Apostolskim pismom Hercegova\u010dki apostolski vikarijat, koji je osnovan 24. o\u017eujka 1846., dokida se i utrnjuje, a umjesto njega osniva se Mostarsko-duvanjska biskupija.<br><strong>Ime Duvno<\/strong>. \u201eA \u0161to se nove Mostarske biskupije ti\u010de, u \u010dijim se granicama nalazi grad Dumno, pu\u010dki Duvno, koji su stari zvali Delminij, odakle je nastalo ime Dalmata, imaju\u0107i u vidu da je taj grad s okolnim naseljima \u2013 kako govore stari zapisi \u2013 zadobio dostojanstvo biskupskoga sjedi\u0161ta, koje se zvalo duvanjsko ili dalmatsko, Mi \u017eelimo i nare\u0111ujemo da se mostarski biskup zastalno slu\u017ei i resi i naslovom duvanjskim ili delminijskim kako bi \u017eivjela u potomcima uspomena na tu uglednu stolicu.\u201c[5]<br>Biskupijske granice, prema pismu \u201eEx hac augusta\u201c. Odre\u0111eno je da granice Mostarsko-duvanjske biskupije teku ovako: \u201eMostarsko-duvanjska biskupija obuhva\u0107at \u0107e cijelo podru\u010dje Hercegovine, koje se nalazi okru\u017eeno granicama Vrhbosanske i Banjalu\u010dke biskupije na sjeveru, granicom Dalmacije do grada Metkovi\u0107a na zapadu, granicama Mrkansko-trebinjske biskupije na jugu i pokrajinom zvanom Novofori, pu\u010dki Novi Bazar.<br>Ovoj biskupiji pripadaju sljede\u0107e \u017eupe: Mostar, \u0160iroki Brijeg, Ljuti Dolac, \u010cerin, Gradni\u0107i, Gabela, Humac, Veljaci, Klobuk, Rasno, Ru\u017ei\u0107i, Drinovci, Gorica, Posu\u0161je, Vir, Ro\u0161ko Polje, Grabovica, Bukovica, \u017dupanjac, \u0160ujica, Seonica, Rakitno, Ko\u010derin, Gradac, Goranci, Dre\u017enica, Konjic.\u201c[6]<br>Prema tom sve\u010danom Pismu: \u201eMrkansko-trebinjska biskupija zadr\u017eat \u0107e netaknute svoje granice, kao i broj \u017eupa koje su sada podlo\u017ene jurisdikciji biskupa upravitelja\u201c.[7]<br>Mostarski biskup \u2013 apostolski administrator Trebinjske biskupije. Isti je Papa 8. srpnja 1890. iz jurisdikcije dubrova\u010dkoga biskupa izuzeo i na mostarsko-duvanjskoga biskupa kao apostolskog administratora prenio upravu Trebinjsko-mrkanske biskupije: \u201eStoga Na\u0161om apostolskom vla\u0161\u0107u, snagom ovoga Pisma, upravu Crkava Trebinjske i Mrkanske trajno sjedinjenih, koju je do sada vodio dubrova\u010dki biskup, prenosimo na mostarskoga biskupa pro tempore bilo u duhovnim bilo u vremenitim stvarima ad beneplacitum Nostrum &nbsp;= do druk\u010dije odluke.\u201c[8]<br><strong>Granice<\/strong>, prema Dekretu Svete Stolice (Kongregacije za \u0161irenje vjere), 24. o\u017eujka 1891., potegnute su ovako: Izme\u0111u Mostarsko-duvanjske i Vrhbosanske dijeceze \u201eprema zapadu po\u010dinju od sjevernoga dijela \u0160uice i idu granicom civilnih kotareva Bugojna i Prozora s jedne, a Livna i Duvna s druge strane, do granice kotara Travnika i Mostara, koja slijedi prema istoku do u\u0161\u0107a gdje Rama utje\u010de u Neretvu; odatle Neretvom prema istoku idu do mjesta gdje zapadna granica op\u0107ine Donje Selo dopire do Neretve, proslje\u0111uju crtom koja ovu granicu i onu koja me\u0111usobno razdvaja Tubani\u0107 i Drago\u010das sve do kotarske granice na Ivanu; zatim biskupijske granice slijede kotarsku granicu do onoga mjesta gdje se sije\u010de ovo posljednje u Treskavici kotarskom granicom izme\u0111u Sarajeva i Fo\u010de, nastavljaju po sjevernoj granici fo\u010danskoga kotara do Drine i napokon slijede tijek te rijeke do u\u0161\u0107a rijeke Lima koji je prema istoku granica Mostarske biskupije, tako da civilni kotarevi Fo\u010da i \u010cajni\u010de s Rudom pripadaju Mostarskoj biskupiji, a Gora\u017ede Vrhbosanskoj nadbiskupiji\u201c.[9]<br>Granice izme\u0111u Mostarsko-duvanjske i Trebinjsko-mrkanske biskupije, prema istoj odluci iz 1891., jesu: \u201eod Metkovi\u0107a do Bivolja brda rijeka Neretva, odatle se prote\u017eu tako da dijele<br>civilni kotar mostarski od civilnoga kotara stola\u010dkoga,<br>isti kotar stola\u010dki od civilnoga kotara nevesinjskoga,<br>isti kotar nevesinjski od kotareva bile\u0107koga i gata\u010dkoga (Gacko),<br>napokon gata\u010dki kotar od fo\u010danskoga\u201c.[10]<br>To zna\u010di da u Mostarsko-duvanjsku biskupiju ulaze, s lijeve strane Neretve, kotarevi: Nevesinje, Kalinovik, Fo\u010da, Rudo, \u010cajni\u010de. A u Trebinjsko-mrkansku biskupiju ulaze kotarevi: Stolac, Ljubinje, Bile\u0107a i Gacko.<br>\u017dupe su u biskupiji podijeljene Decizijom Svete Stolice od 17. srpnja 1899. godine. Tom je Decizijom Hercegova\u010dkoj franjeva\u010dkoj provinciji pripalo 25 onda postoje\u0107ih \u017eupa, a za dijecezanski svjetovni kler odre\u0111eno je 12 tada postoje\u0107ih \u017eupa:<br>1) Blagaj<br>2) Dre\u017enica<br>3) Gabela<br>4) Glavati\u010devo<br>5) Grabovica<br>6) Gradac<br>7) Grude<br>8) Klobuk<br>9) Potoci \u2013 Bijelo Polje<br>10) Vir<br>11) Vinica<br>12) Nevesinje<br>te 12 imeni\u010dno navedenih i teritorijalno odre\u0111enih \u017eupa, a tada kanonski nepostoje\u0107ih, ali koje biskup mo\u017ee osnovati kad god ho\u0107e \u201ebez ikakvih savjetovanja\u201c. A to su:<br>1) Mostar na sjevernoj strani<br>2) Bileti\u0107i sa selima: Blizanci, Kru\u0107evi\u0107i, Tep\u010di\u0107i<br>3) Crna\u010d sa selima: Britvica, Izbi\u010dno, Liskovac, Prosine i Vranjkovi\u0107i<br>4) \u010capljina s Trebi\u017eatom i Dreteljem<br>5) Dobri\u010d sa selima: Kne\u0161polje, Polog i Vlasni\u0107i<br>6) Dobro Selo sa selima: Krivodo, Slip\u010di\u0107i, Sretnice<br>7) Kongora sa selima Mandino Selo, Bor\u010dani i Lipa<br>8) Podprolog sa selima: Va\u0161arovi\u0107i i sjeverni dio Crvenoga Grma<br>9) Prisoje s Privalom i Vrilom<br>10) Rade\u0161ine sa selima: Ribi\u0107 Polje, Idbar, Javornik, Glogo\u0161nica i Jablanica<br>11) Studenci sa Zvirovi\u0107ima i Crnopodom<br>12) Zviri\u0107i s Bija\u010dom, Stubicom i zapadnim dijelom Hardomilja.[11]<br>A va\u017ee\u0107i papinski Dekret raspodjele \u017eupa jest \u201eRomanis Pontificibus\u201c od 5. lipnja 1975.[12] Biskupija danas ima 66 \u017eupa, od kojih je 30 Sveta Stolica povjerila du\u0161obri\u017eni\u0161tvu Provincije Male Bra\u0107e sa sjedi\u0161tem u Mostaru. Ostale \u017eupe pravno pripadaju dijecezanskom kleru, a u sedam takvih \u017eupa postoje takve nekanonske fizi\u010dke zapreke od otpu\u0161tenih redovnika iz Franjeva\u010dkoga reda da se ne mo\u017ee govoriti o redovitoj pastvi.<br>Odlukom pape Benedikta XVI., od 4. sije\u010dnja 2006., Vrhbosanska metropolija izuzeta je ispod jurisdikcije Kongregacije za evangelizaciju naroda i stavljena pod privremenu upravu Dr\u017eavnoga tajni\u0161tva Svete Stolice s nakanom da prije\u0111e pod redovitu jurisdikciju Kongregacije za biskupe.<br><strong>Katedrala.<\/strong>&nbsp;Nastojanjem apostolskoga vikara biskupa fra An\u0111ela Kraljevi\u0107a u Mostaru je podignuta katedrala (templum cathedrale), 1867. godine, posve\u0107ena svetomu Petru i Pavlu, apostolskim prvacima. Ta je katedrala od 1890. pripojena franjeva\u010dkomu samostanu kao \u017eupna crkva, a biskupi Pa\u0161kal Buconji\u0107 i Alojzije Mi\u0161i\u0107 pripremali su teren i materijal za gradnju nove katedrale na Rondou, danas Trg hrvatskih velikana. I zemlji\u0161te i gra\u0111a oduzeti su 1948. i podignut Dom kulture, danas nazvan Hrvatski dom hercega Stjepana Kosa\u010de. \u017dupna crkva sv. Petra i Pavla slu\u017eila je kao katedrala sve do izgradnje nove katedrale 1980. godine u blizini Biskupskog ordinarijata, koja je posve\u0107ena Mariji Majci Crkve. Uz nju je osnovana i istoimena \u017eupa.<br>Slu\u017ebeni vjesnik Biskupija Mostarsko-duvanjske i Trebinjsko-mrkanske izlazi u Mostaru tri puta godi\u0161nje.<br>Donosimo&nbsp;<em>curricula brevia<\/em>&nbsp;hercegova\u010dkih apostolskih vikara i rezidencijalnih biskupa. O njima op\u0161irnije u rubrici \u201eBiskupi\u201c.<br>Prvi apostolski vikar u Hercegovini (1846.-1863.)<br>Msgr.&nbsp;<strong>Rafo Bari\u0161i\u0107<\/strong>, O.F.M.<\/p>\n<p>1796. 24. lipnja &nbsp; &nbsp; &nbsp; &nbsp; &nbsp; &nbsp; &nbsp; &nbsp; &nbsp; &nbsp; &nbsp;ro\u0111en u O\u010deviji kod Kraljeve Sutjeske;<br>1822? 21. prosinca &nbsp; &nbsp; &nbsp; &nbsp; &nbsp; &nbsp; &nbsp; &nbsp;re\u0111en za sve\u0107enika u Torinu, Italija;<br>1832. 24. o\u017eujka &nbsp; &nbsp; &nbsp; &nbsp; &nbsp; &nbsp; &nbsp; &nbsp; &nbsp; &nbsp;izabran za apostolskog vikara u Bosni;<br>1832. 30. rujna &nbsp; &nbsp; &nbsp; &nbsp; &nbsp; &nbsp; &nbsp; &nbsp; &nbsp; &nbsp; &nbsp;posve\u0107en za biskupa, u \u0110akovu;<br>reditelj: biskup Pavao Su\u010di\u0107;<br>1832. 5. prosinca &nbsp; &nbsp; &nbsp; &nbsp; &nbsp; &nbsp; &nbsp; &nbsp; &nbsp; preuzeo apostolski vikarijat bosanski;<br>1846. 24. o\u017eujka &nbsp; &nbsp; &nbsp; &nbsp; &nbsp; &nbsp; &nbsp; &nbsp; &nbsp; &nbsp;odrekao se apostolskog vikarijata u Bosni;<br>1847. 24. rujna &nbsp; &nbsp; &nbsp; &nbsp; &nbsp; &nbsp; &nbsp; &nbsp; &nbsp; &nbsp; &nbsp;postao apostolski vikar u Hercegovini;<br>1863. 14. kolovoza &nbsp; &nbsp; &nbsp; &nbsp; &nbsp; &nbsp; &nbsp; &nbsp;preminuo na \u0160irokom Brijegu,<br>pokopan u \u017eupnoj crkvi Marijina Uznesenja.<\/p>\n<p>Drugi apostolski vikar u Hercegovini (1864.-1879.)<br>Msgr.&nbsp;<strong>An\u0111eo Kraljevi\u0107,<\/strong>&nbsp;O.F.M.<\/p>\n<p>1807. 26. lipnja &nbsp; &nbsp; &nbsp; &nbsp; &nbsp; &nbsp; &nbsp; &nbsp; &nbsp; &nbsp; &nbsp;ro\u0111en na \u010cerigaju kod \u0160irokoga Brijega;<br>1831. 6. sije\u010dnja &nbsp; &nbsp; &nbsp; &nbsp; &nbsp; &nbsp; &nbsp; &nbsp; &nbsp; &nbsp;re\u0111en za sve\u0107enika u Vacu, Ma\u0111arska;<br>1864. 7. prosinca &nbsp; &nbsp; &nbsp; &nbsp; &nbsp; &nbsp; &nbsp; &nbsp; &nbsp; izabran za apostolskog vikara u Hercegovini;<br>1865. 25. o\u017eujka &nbsp; &nbsp; &nbsp; &nbsp; &nbsp; &nbsp; &nbsp; &nbsp; &nbsp; &nbsp;posve\u0107en za biskupa, u Zadru;<br>reditelj: nadbiskup Petar Dujam Maupas;<br>1865. 13. lipnja &nbsp; &nbsp; &nbsp; &nbsp; &nbsp; &nbsp; &nbsp; &nbsp; &nbsp; &nbsp; &nbsp;preuzeo apostolski vikarijat;<br>1879. 27. srpnja &nbsp; &nbsp; &nbsp; &nbsp; &nbsp; &nbsp; &nbsp; &nbsp; &nbsp; &nbsp; preminuo u Konjicu;<br>pokopan na mjesnom groblju,<br>a 1926. godine kosti su prenesene u \u017eupnu crkvu.<\/p>\n<p>Tre\u0107i apostolski vikar u Hercegovini (1880.-1881.)<br>Msgr.&nbsp;<strong>Pa\u0161kal Buconji\u0107,<\/strong>&nbsp;O.F.M.<\/p>\n<p>1834. 2. travnja &nbsp; &nbsp; &nbsp; &nbsp; &nbsp; &nbsp; &nbsp; &nbsp; &nbsp; &nbsp; &nbsp; ro\u0111en u Drinovcima;<br>1856. 21. prosinca &nbsp; &nbsp; &nbsp; &nbsp; &nbsp; &nbsp; &nbsp; &nbsp; &nbsp;re\u0111en za sve\u0107enika u Ferrari, Italija;<br>1880. 18. sije\u010dnja &nbsp; &nbsp; &nbsp; &nbsp; &nbsp; &nbsp; &nbsp; &nbsp; &nbsp; &nbsp;izabran za apostolskog vikara u Hercegovini;<br>1880. 19. o\u017eujka &nbsp; &nbsp; &nbsp; &nbsp; &nbsp; &nbsp; &nbsp; &nbsp; &nbsp; &nbsp; posve\u0107en za biskupa, u Zagrebu;<br>reditelj: Josip kard. Mihalovi\u0107.<\/p>\n<p>Prvi dijecezanski biskup (1881.-1910)<br>Msgr. fra&nbsp;<strong>Pa\u0161kal Buconji\u0107,&nbsp;<\/strong>O.F.M.<\/p>\n<p>Biskupsko geslo:&nbsp;<em>Sve za vjeru i za domovinu<\/em><\/p>\n<p>1881. 14. prosinca &nbsp; &nbsp; &nbsp; &nbsp; &nbsp; &nbsp; &nbsp; &nbsp; &nbsp; postao rezidencijalnim biskupom u Mostaru;<br>1890. 8. srpnja &nbsp; &nbsp; &nbsp; &nbsp; &nbsp; &nbsp; &nbsp; &nbsp; &nbsp; &nbsp; &nbsp; &nbsp; postao apostolski administrator Trebinjsko-mrkanske biskupije;<br>1910. 8. prosinca &nbsp; &nbsp; &nbsp; &nbsp; &nbsp; &nbsp; &nbsp; &nbsp; &nbsp; &nbsp; preminuo u Mostaru,<br>pokopan u crkvi sv. Petra i Pavla.<\/p>\n<p>Drugi dijecezanski biskup (1912.-1942.)<br>Msgr. fra&nbsp;<strong>Alojzije Mi\u0161i\u0107,<\/strong>&nbsp;O.F.M.<\/p>\n<p>Biskupsko geslo:&nbsp;<em>Milosr\u0111em i ljubavlju sve se pobje\u0111uje<\/em><\/p>\n<p>1859. 10. studenoga &nbsp; &nbsp; &nbsp; &nbsp; &nbsp; &nbsp; &nbsp; ro\u0111en u Bosanskoj Gradi\u0161ki, Banjalu\u010dka biskupija;<br>1882. 7. srpnja &nbsp; &nbsp; &nbsp; &nbsp; &nbsp; &nbsp; &nbsp; &nbsp; &nbsp; &nbsp; &nbsp; re\u0111en za sve\u0107enika u Ostrogonu, Ma\u0111arska;<br>1912. 14. velja\u010de &nbsp; &nbsp; &nbsp; &nbsp; &nbsp; &nbsp; &nbsp; &nbsp; &nbsp; &nbsp;izabran za mostarsko-duvanjskoga biskupa;<br>1912. 18. lipnja &nbsp; &nbsp; &nbsp; &nbsp; &nbsp; &nbsp; &nbsp; &nbsp; &nbsp; &nbsp; &nbsp; posve\u0107en za biskupa, u Rimu;<br>reditelj: Diomede kard. Falconio, O.F.M.;<br>1912. 14. srpnja &nbsp; &nbsp; &nbsp; &nbsp; &nbsp; &nbsp; &nbsp; &nbsp; &nbsp; &nbsp; &nbsp;preuzeo upravu hercegova\u010dkih biskupija;<br>1942. 26. o\u017eujka &nbsp; &nbsp; &nbsp; &nbsp; &nbsp; &nbsp; &nbsp; &nbsp; &nbsp; &nbsp; preminuo u Mostaru,<br>pokopan na groblju na Petri\u0107evcu.<\/p>\n<p>Tre\u0107i dijecezanski biskup (1942.-1980.)<br>Msgr.&nbsp;<strong>Petar \u010cule<\/strong><\/p>\n<p>Biskupsko geslo:&nbsp;<em>Do\u0111i Kraljevstvo tvoje<\/em><\/p>\n<p>1898. 18. velja\u010de &nbsp; &nbsp; &nbsp; &nbsp; &nbsp; &nbsp; &nbsp; &nbsp; &nbsp; &nbsp;ro\u0111en u Kru\u0161evu kod Mostara;<br>1920. 20. lipnja &nbsp; &nbsp; &nbsp; &nbsp; &nbsp; &nbsp; &nbsp; &nbsp; &nbsp; &nbsp; &nbsp; re\u0111en za sve\u0107enika, u Sarajevu;<br>1942. 15. travnja &nbsp; &nbsp; &nbsp; &nbsp; &nbsp; &nbsp; &nbsp; &nbsp; &nbsp; &nbsp;izabran za mostarsko-duvanjskoga biskupa;<br>1942. 4. listopada &nbsp; &nbsp; &nbsp; &nbsp; &nbsp; &nbsp; &nbsp; &nbsp; &nbsp; posve\u0107en za biskupa, u Mostaru;<br>reditelj: nadbiskup Ivan \u0160ari\u0107;<br>sureditelj: nadbiskup Alojzije Stepinac;<br>asistirao: benediktinski opat Ramiro Marcone,<br>Papin delegat u Nezavisnoj Dr\u017eavi Hrvatskoj;<br>1980. 14. rujna &nbsp; &nbsp; &nbsp; &nbsp; &nbsp; &nbsp; &nbsp; &nbsp; &nbsp; &nbsp; &nbsp; predao biskupijsku upravu svomu nasljedniku;<br>1985. 29. srpnja &nbsp; &nbsp; &nbsp; &nbsp; &nbsp; &nbsp; &nbsp; &nbsp; &nbsp; &nbsp; preminuo u Mostaru,<br>pokopan u katedralnoj kripti sv. Josipa.<\/p>\n<p>\u010cetvrti dijecezanski biskup (1980. \u2013 1993.)<br>Msgr.&nbsp;<strong>Pavao \u017dani\u0107<\/strong><\/p>\n<p>Biskupsko geslo:&nbsp;<em>U vjeri, nadi i ljubavi<\/em><\/p>\n<p>1918. 20. svibnja &nbsp; &nbsp; &nbsp; &nbsp; &nbsp; &nbsp; &nbsp; &nbsp; &nbsp; &nbsp;ro\u0111en u Ka\u0161tel Novom, Splitsko-makarska biskupija;<br>1941. 1. lipnja &nbsp; &nbsp; &nbsp; &nbsp; &nbsp; &nbsp; &nbsp; &nbsp; &nbsp; &nbsp; &nbsp; &nbsp; re\u0111en za sve\u0107enika, u Splitu;<br>1970. 9. prosinca&nbsp; &nbsp; &nbsp; &nbsp; &nbsp; &nbsp;&nbsp; &nbsp; &nbsp; &nbsp; izabran za mostarsko-duvanjskog&nbsp;biskupa koadjutora-&nbsp;<em>cum iure successionis;<\/em><br>1971. 2. svibnja &nbsp; &nbsp; &nbsp; &nbsp; &nbsp; &nbsp; &nbsp; &nbsp; &nbsp; &nbsp; &nbsp;posve\u0107en za biskupa, u Mostaru;<br>reditelj: nadbiskup Franjo Kuhari\u0107,<br>sureditelji: nadbiskup Frane Frani\u0107 i biskup Petar \u010cule;<br>1980. 14. rujna &nbsp; &nbsp; &nbsp; &nbsp; &nbsp; &nbsp; &nbsp; &nbsp; &nbsp; &nbsp; &nbsp;&nbsp;preuzeo biskupijsku upravu;<br>1993. 24. srpnja &nbsp; &nbsp; &nbsp; &nbsp; &nbsp; &nbsp; &nbsp; &nbsp; &nbsp; &nbsp; predao biskupijsku upravu svomu nasljedniku;<br>2000. 11. sije\u010dnja &nbsp; &nbsp; &nbsp; &nbsp; &nbsp; &nbsp; &nbsp; &nbsp; &nbsp; preminuo u Splitu i, prema vlastitoj oporuci,<br>pokopan u obiteljskoj grobnici u Ka\u0161tel Novom.<\/p>\n<p class=\"rtejustify\">Peti dijecezanski biskup (1993. \u2013 2020.)<br>Msgr.&nbsp;<strong>Ratko Peri\u0107<\/strong><\/p>\n<p>Ro\u0111en 2. velja\u010de 1944. u Tuku, \u017eupa<br>Rovi\u0161\u0107e kod Bjelovara, Hrvatska.<br>Roditelji: Grgo i Anica r. Ragu\u017e.<br>Kr\u0161ten u Rovi\u0161\u0107u u \u017eupnoj crkvi Presvetoga<br>Trojstva, 5. velja\u010de 1944.<br>Krizman u Prenju, 12. srpnja 1953.<br>Krizmatelj: msgr.&nbsp;Andrija Maji\u0107, biskupov delegat.<\/p>\n<p>Osnovna \u0161kola u Rotimlji, 1951.-1955. i u Crni\u0107ima, 1955.-1959.; Sjemeni\u0161na gimnazija u Zagrebu, 1959.-1963. Filozofski studij u Zagrebu, 1963.-1965. Teolo\u0161ki studij u Rimu, Papinsko sveu\u010dili\u0161te Urbanijana, 1965.-1969. Licencijat u lipnju 1969. s tezom: \u201eUloga kardinala Stepinca u odnosima izme\u0111u Crkve i dr\u017eave\u201c.\u0110akonat: Rim, 13. travnja 1969. Prezbiterat: Prisoje, 29. lipnja 1969. Reditelj biskup Petar&nbsp;\u010cule. Poslijediplomski studij na Urbanijani, 1969.-1971., doktorirao 10. prosinca 1971. s tezom: \u201eSmisao evangelizacije u perspektivi anonimnoga kr\u0161\u0107anstva\u201c.\u017dupnik u Trebinju, 1971.-1974. Profesor op\u0107e povijesti i gr\u010dkoga jezika na Humanisti\u010dkoj gimnaziji u Dubrovniku, 1972.-1974.Profesor na Vrhbosanskoj katoli\u010dkoj teologiji: ekumenska teologija, 1974.-2004. (s prekidima); na Katoli\u010dkom bogoslovnom fakultetu u Zagrebu: isto\u010dno bogoslovlje, 1991.-1992.;&nbsp;na Papinskom sveu\u010dili\u0161tu Gregorijani u Rimu: ekumenska teologija, 1989.-1992.; na Teolo\u0161kom institutu u Mostaru: ekleziologija i mariologija, od 1993. Rektor Papinskoga hrvatskog zavoda sv. Jeronima u Rimu imenovan 7. prosinca 1979. Biskup koadjutor mostarsko-duvanjski i apostolski upravitelj trebinjsko-mrkanski imenovan 29. svibnja 1992.Re\u0111en za biskupa: Neum, Kri\u017eevo, 14. rujna 1992. Posvetitelj Franjo kard. Kuhari\u0107; suposvetitelji nadbiskup Josip Uha\u010d i biskup Pavao \u017dani\u0107.Naslijedio biskupa Pavla \u017dani\u0107a kao dijecezanski biskup mostarsko-duvanjski i apostolski upravitelj trebinjsko-mrkanski, 24. srpnja 1993. Konzultor Kongregacije za kler, 1990.-1995. Konzultor Kongregacije za evangelizaciju naroda, 1993.-2003. \u010clan Papinskoga vije\u0107a Cor unum, 1995.-2000.<\/p>\n<p><\/p>\n<p>\u0160esti dijecezanski biskup (2020.-):&nbsp;<strong>Mons.&nbsp;Petar Pali\u0107<\/strong><\/p>\n<p>Ro\u0111en 3. srpnja&nbsp;1972. u Pri\u0161tini, Skopsko-prizrenska biskupija.<br>Petar osmogodi\u0161nju osnovnu \u0161kolu poha\u0111a u Janjevu: 1978.-1986. Sjemeni\u0161nu gimnaziju u Skoplju, 1986.-88., i u Subotici, 1988.-1990., gdje i maturira.&nbsp;Otac je Anton preminuo 26. prosinca 1994., a majka se preselila u Zagreb, u Dubravu, k dvojici sinova, 1995.&nbsp;Katoli\u010dki bogoslovni fakultet poha\u0111a u Zagrebu: 1990.-1995. Zare\u0111en je za prezbitera Dubrova\u010dke biskupije u zagreba\u010dkoj Grane\u0161ini, 1. lipnja 1996.&nbsp;Sve\u0107eni\u010dko mu je geslo: \u201ePa da mi je i dolinom smrti pro\u0107i, zla se ne bojim, jer si ti sa mnom\u2026\u201c. Od 1996. vjerou\u010ditlej je u srednjim \u0161koalama u Dubrovniku i predstojnik je Katehetskog ureda,&nbsp;od 1998. osobni tajnik tada\u0161njega biskupa \u017delimira Pulji\u0107a i od 1999. ravnatelj Ustanove za uzdr\u017eavanje klera u Dubrova\u010dkoj biskupiji do 2005. godine. Biskup \u017delimir \u0161alje ga na studij moralne teologije u Graz 2005.- 2009. Posti\u017ee doktorat s naslovom:&nbsp;<em>Za kulturu \u017eivota. Zauzimanje Crkve u Hrvatskoj za kulturu \u017eivota na temelju enciklike Evan\u0111elje \u017eivota od 1995. do 2005.&nbsp;<\/em>U vrijeme studija, od 2005. do 2008., biskup Egon Kapellari povjerava mu austrijsku \u017eupu Dobl u biskupiji Graz-Seckau.&nbsp;Dubrova\u010dki mu biskup omogu\u0107uje te\u010daj talijanskoga jezika s boravkom u Zavodu sv. Jeronima u Rimu&nbsp;2009. Biskupski je vikar za pastoral u Dubrova\u010dkoj biskupiji&nbsp;2009.- 2011. Generalni je vikar iste biskupije&nbsp;2011.- 2017.&nbsp;Generalni tajnik Hrvatske biskupske konferencije u Zagrebu: od 2017. do 2020.&nbsp;Hvarskim je&nbsp;biskupom&nbsp;imenovan&nbsp;9. o\u017eujka, posve\u0107en&nbsp;30. travnja 2018. Biskupsko geslo: \u201eNa tvoju Rije\u010d\u201c. Imenovan je mostarsko-duvanjskim biskupom i apostolskim upravitelj Trebinjsko-mrkanske biskupije&nbsp;11. srpnja 2020., uveden u slu\u017ebu,&nbsp;14. rujna 2020.<\/p>\n<p><\/p>\n[1] Dekret o biskupima, 11.<br>[2] Kan. 369.<br>[3] Papa Lav&nbsp;XIII., Apostolsko pismo&nbsp;<em>Ex hac augusta<\/em>&nbsp;(\u201cS ove uzvi\u0161ene Stolice\u201d), 5. srpnja 1881. Slu\u017ebeni hrvatski prijevod, uz usporedan&nbsp;izvoran&nbsp;latinski, Sarajevo, 2006., str. 25.<br>[4] Navedeno Pismo, str. 26-27.<br>[5] Navedeno Pismo, str. 26-27.<br>[6] Navedeno Pismo, str. 28-29. i 30-31.<br>[7] Navedeno Pismo, str. 28-29 i 30-31.<br>[8] Leonis XIII Pontificis Maximi&nbsp;<em>Acta,&nbsp;<\/em>vol. X. Romae, 1891, str. 182.<br>[9] Tajni vatikanski arhiv, Nunziatura di Vienna, vol. 640, Vertenza sulle diocesi di Bosna 1887-1891, ff. 55r-56r.<br>[10] Arhiv Propagande, SC Bosnia, vol. 17, f. 768r-769r; B. Pand\u017ei\u0107,&nbsp;<em>Acta franciscana<\/em>&nbsp;III., Mostar \u2013 Zagreb, 2003., str. 453-454.<br>[11] O svemu dokumentacijski: M. Peri\u0107,&nbsp;<em>Hercegova\u010dka afera,<\/em>&nbsp;Mostar, 2002., str. 85-86.<br>[12] Isto, str. 534-539.<\/p>\n<p><\/p>\n<p>Izvor: <strong>Mostarsko-duvanjska biskupija&nbsp;<\/strong><\/p>\n\n\n<figure class=\"wp-block-gallery has-nested-images columns-default is-cropped wp-block-gallery-1 is-layout-flex wp-block-gallery-is-layout-flex\"><\/figure>\n","protected":false},"excerpt":{"rendered":"<p>Dioecesis Mandentriensis- Dulminiensis Podru\u010dna\/sufraganska biskupija Vrhbosanske metropolije Za\u0161titnik Biskupije:&nbsp;sv. Josip, zaru\u010dnik Bla\u017eene Djevice Marije, 19. o\u017eujka Naslovnica katedrale:&nbsp;Marija Majka Crkve, svetkovina sutradan pod Duhovima Biskupija ili dijeceza.&nbsp;Drugi vatikanski koncil ovim rije\u010dima opisuje biskupiju: \u201cDijeceza je dio Bo\u017ejega naroda koji je &hellip; <a href=\"http:\/\/mandino-selo.com\/wp\/sveti-josip-zastitnik-mostarsko-duvanjske-biskupije\/\">pro\u010ditajte vi\u0161e<\/a><\/p>\n","protected":false},"author":31,"featured_media":128401,"comment_status":"open","ping_status":"open","sticky":false,"template":"","format":"standard","meta":{"ngg_post_thumbnail":0,"kt_blocks_editor_width":"","footnotes":""},"categories":[3],"tags":[],"_links":{"self":[{"href":"http:\/\/mandino-selo.com\/wp\/wp-json\/wp\/v2\/posts\/128400"}],"collection":[{"href":"http:\/\/mandino-selo.com\/wp\/wp-json\/wp\/v2\/posts"}],"about":[{"href":"http:\/\/mandino-selo.com\/wp\/wp-json\/wp\/v2\/types\/post"}],"author":[{"embeddable":true,"href":"http:\/\/mandino-selo.com\/wp\/wp-json\/wp\/v2\/users\/31"}],"replies":[{"embeddable":true,"href":"http:\/\/mandino-selo.com\/wp\/wp-json\/wp\/v2\/comments?post=128400"}],"version-history":[{"count":3,"href":"http:\/\/mandino-selo.com\/wp\/wp-json\/wp\/v2\/posts\/128400\/revisions"}],"predecessor-version":[{"id":140934,"href":"http:\/\/mandino-selo.com\/wp\/wp-json\/wp\/v2\/posts\/128400\/revisions\/140934"}],"wp:featuredmedia":[{"embeddable":true,"href":"http:\/\/mandino-selo.com\/wp\/wp-json\/wp\/v2\/media\/128401"}],"wp:attachment":[{"href":"http:\/\/mandino-selo.com\/wp\/wp-json\/wp\/v2\/media?parent=128400"}],"wp:term":[{"taxonomy":"category","embeddable":true,"href":"http:\/\/mandino-selo.com\/wp\/wp-json\/wp\/v2\/categories?post=128400"},{"taxonomy":"post_tag","embeddable":true,"href":"http:\/\/mandino-selo.com\/wp\/wp-json\/wp\/v2\/tags?post=128400"}],"curies":[{"name":"wp","href":"https:\/\/api.w.org\/{rel}","templated":true}]}}