{"id":119933,"date":"2022-06-10T14:57:13","date_gmt":"2022-06-10T12:57:13","guid":{"rendered":"http:\/\/mandino-selo.com\/wp\/?p=119933"},"modified":"2022-06-10T14:57:23","modified_gmt":"2022-06-10T12:57:23","slug":"nacelnik-buntic-na-potpisivanju-ugovora-o-financiranju-u-sklopu-programa-prekogranicne-suradnje-izmedu-rh-i-bih-za-2022","status":"publish","type":"post","link":"http:\/\/mandino-selo.com\/wp\/nacelnik-buntic-na-potpisivanju-ugovora-o-financiranju-u-sklopu-programa-prekogranicne-suradnje-izmedu-rh-i-bih-za-2022\/","title":{"rendered":"NA\u010cELNIK BUNTI\u0106 NA POTPISIVANJU UGOVORA O FINANCIRANJU U SKLOPU PROGRAMA PREKOGRANI\u010cNE SURADNJE IZME\u0110U RH i BiH ZA 2022."},"content":{"rendered":"\n<p>Nakon \u0161to je Ministarstvo regionalnog razvoja i fondova Europske unije Republike Hrvatske donijelo odluku o financiranju projekata u okviru Programa prekograni\u010dne suradnje izme\u0111u Republike Hrvatske i Bosne i Hercegovine, danas je na Plitvi\u010dkim Jezerima odr\u017eana sve\u010danost potpisivanja i uru\u010divanja ugovora.<\/p>\n\n\n\n<p>Odlukom nadle\u017enog Ministarstva, odobren je Projekt ure\u0111enja dje\u010djih igrali\u0161ta u Tomislavgradu i Gradu Novskoj u iznosu od 210 000 kn.<br>Ugovor o financiranju Tomislavgradu i Novskoj, uru\u010dila je ministrica regionalnog razvoja i fondova EU, Nata\u0161a Trami\u0161ak.<br>Ovoj sve\u010danosti nazo\u010dio je i Zvonko Milas, dr\u017eavni tajnik Sredi\u0161njeg dr\u017eavnog ureda za Hrvate izvan Republike Hrvatske.<\/p>\n\n\n\n<p>Podsje\u0107amo, uz Projekt ure\u0111enja dje\u010djih igrali\u0161ta u Tomislavgradu i Gradu Novskoj, odobrena su jo\u0161 dva tomislavgradska projekta: Projekt unaprje\u0111enja razvoja lokalnih zajednica Grada Velike Gorice i Doma zdravlja Tomislavgrad \u2013 240. 000 kn i Projekt Zajedno do obnove \u2013 \u017dupa Kongora i \u017dupa Luka \u2013 170 000 kn.<\/p>\n\n\n\n<p>Op\u0107ina Tomislavgrad <\/p>\n\n\n\n<figure class=\"wp-block-gallery columns-1 is-cropped wp-block-gallery-1 is-layout-flex wp-block-gallery-is-layout-flex\"><ul class=\"blocks-gallery-grid\"><li class=\"blocks-gallery-item\"><figure><img loading=\"lazy\" decoding=\"async\" width=\"1024\" height=\"683\" src=\"https:\/\/mandino-selo.com\/wp\/wp-content\/uploads\/2022\/06\/FB_IMG_1654865528605-1024x683.jpg\" alt=\"\" data-id=\"119935\" data-full-url=\"https:\/\/mandino-selo.com\/wp\/wp-content\/uploads\/2022\/06\/FB_IMG_1654865528605.jpg\" data-link=\"https:\/\/mandino-selo.com\/wp\/?attachment_id=119935\" class=\"wp-image-119935\" srcset=\"http:\/\/mandino-selo.com\/wp\/wp-content\/uploads\/2022\/06\/FB_IMG_1654865528605-1024x683.jpg 1024w, http:\/\/mandino-selo.com\/wp\/wp-content\/uploads\/2022\/06\/FB_IMG_1654865528605-350x233.jpg 350w, http:\/\/mandino-selo.com\/wp\/wp-content\/uploads\/2022\/06\/FB_IMG_1654865528605-768x512.jpg 768w, http:\/\/mandino-selo.com\/wp\/wp-content\/uploads\/2022\/06\/FB_IMG_1654865528605.jpg 1080w\" sizes=\"(max-width: 1024px) 100vw, 1024px\" \/><\/figure><\/li><li class=\"blocks-gallery-item\"><figure><img loading=\"lazy\" decoding=\"async\" width=\"1024\" height=\"768\" src=\"https:\/\/mandino-selo.com\/wp\/wp-content\/uploads\/2022\/06\/FB_IMG_1654865526487.jpg\" alt=\"\" data-id=\"119936\" data-full-url=\"https:\/\/mandino-selo.com\/wp\/wp-content\/uploads\/2022\/06\/FB_IMG_1654865526487.jpg\" data-link=\"https:\/\/mandino-selo.com\/wp\/?attachment_id=119936\" class=\"wp-image-119936\" srcset=\"http:\/\/mandino-selo.com\/wp\/wp-content\/uploads\/2022\/06\/FB_IMG_1654865526487.jpg 1024w, http:\/\/mandino-selo.com\/wp\/wp-content\/uploads\/2022\/06\/FB_IMG_1654865526487-350x263.jpg 350w, http:\/\/mandino-selo.com\/wp\/wp-content\/uploads\/2022\/06\/FB_IMG_1654865526487-768x576.jpg 768w\" sizes=\"(max-width: 1024px) 100vw, 1024px\" \/><\/figure><\/li><\/ul><\/figure>\n","protected":false},"excerpt":{"rendered":"<p>Nakon \u0161to je Ministarstvo regionalnog razvoja i fondova Europske unije Republike Hrvatske donijelo odluku o financiranju projekata u okviru Programa prekograni\u010dne suradnje izme\u0111u Republike Hrvatske i Bosne i Hercegovine, danas je na Plitvi\u010dkim Jezerima odr\u017eana sve\u010danost potpisivanja i uru\u010divanja ugovora. &hellip; <a href=\"http:\/\/mandino-selo.com\/wp\/nacelnik-buntic-na-potpisivanju-ugovora-o-financiranju-u-sklopu-programa-prekogranicne-suradnje-izmedu-rh-i-bih-za-2022\/\">pro\u010ditajte vi\u0161e<\/a><\/p>\n","protected":false},"author":31,"featured_media":119934,"comment_status":"open","ping_status":"open","sticky":false,"template":"","format":"standard","meta":{"ngg_post_thumbnail":0,"kt_blocks_editor_width":"","footnotes":""},"categories":[3],"tags":[],"_links":{"self":[{"href":"http:\/\/mandino-selo.com\/wp\/wp-json\/wp\/v2\/posts\/119933"}],"collection":[{"href":"http:\/\/mandino-selo.com\/wp\/wp-json\/wp\/v2\/posts"}],"about":[{"href":"http:\/\/mandino-selo.com\/wp\/wp-json\/wp\/v2\/types\/post"}],"author":[{"embeddable":true,"href":"http:\/\/mandino-selo.com\/wp\/wp-json\/wp\/v2\/users\/31"}],"replies":[{"embeddable":true,"href":"http:\/\/mandino-selo.com\/wp\/wp-json\/wp\/v2\/comments?post=119933"}],"version-history":[{"count":2,"href":"http:\/\/mandino-selo.com\/wp\/wp-json\/wp\/v2\/posts\/119933\/revisions"}],"predecessor-version":[{"id":119938,"href":"http:\/\/mandino-selo.com\/wp\/wp-json\/wp\/v2\/posts\/119933\/revisions\/119938"}],"wp:featuredmedia":[{"embeddable":true,"href":"http:\/\/mandino-selo.com\/wp\/wp-json\/wp\/v2\/media\/119934"}],"wp:attachment":[{"href":"http:\/\/mandino-selo.com\/wp\/wp-json\/wp\/v2\/media?parent=119933"}],"wp:term":[{"taxonomy":"category","embeddable":true,"href":"http:\/\/mandino-selo.com\/wp\/wp-json\/wp\/v2\/categories?post=119933"},{"taxonomy":"post_tag","embeddable":true,"href":"http:\/\/mandino-selo.com\/wp\/wp-json\/wp\/v2\/tags?post=119933"}],"curies":[{"name":"wp","href":"https:\/\/api.w.org\/{rel}","templated":true}]}}