{"id":110328,"date":"2021-07-09T12:01:02","date_gmt":"2021-07-09T10:01:02","guid":{"rendered":"http:\/\/mandino-selo.com\/wp\/?p=110328"},"modified":"2021-07-09T15:04:14","modified_gmt":"2021-07-09T13:04:14","slug":"iz-tiska-u-nakladi-protuder-izasla-nova-knjiga-osvijetljenim-tragom-ante-sarca","status":"publish","type":"post","link":"http:\/\/mandino-selo.com\/wp\/iz-tiska-u-nakladi-protuder-izasla-nova-knjiga-osvijetljenim-tragom-ante-sarca\/","title":{"rendered":"IZ TISKA u Nakladi Protu\u0111er iza\u0161la nova knjiga Osvijetljenim tragom Ante \u0160arca"},"content":{"rendered":"<p><span style=\"color: #000000;\">Nakladnik <em>Naklada Protu\u0111er<\/em> ovih je dana, u sklopu biblioteke Lijepa knji\u017eevnost, objavio knjigu <em>Osvijetljenim tragom<\/em> autora Ante \u0160arca.<\/span><\/p>\n<p><span style=\"color: #000000;\">&nbsp;Recenziju za ovo djelo napisao je poznati hrvatski novinar, publicist i knji\u017eevnik Mate Kova\u010devi\u0107. Uz informaciju o izlasku knjige donosimo i Kova\u010devi\u0107evu recenziju u cjelosti:<\/span><\/p>\n<p><span style=\"color: #000000;\">&nbsp;Rukopis zbirke zapisa Ante \u0160arca &#8220;Osvijetljenim tragom&#8221;, premda \u010dini odre\u0111enu idejnu cjelinu, \u017eanrovski je vrlo raznovrstan. Naime, auktor se u najve\u0107em dijelu slu\u017ei proznim zapisima memoarskoga zna\u010daja, \u0161to se potkraj knjige, zajedno s rastom \u017eivotnoga iskustva, pretvara u aforisti\u010dne i mudre osmislice. Premda je to u dana\u0161njem svijetu gotovo neuobi\u010dajeno, za \u0160arca je pak vrlo znakovito da se na kraju same knjige poslu\u017eio formom putopisa, pokazav\u0161i na primjeru kratkoga teksta ne samo vje\u0161to oko koje zapa\u017ea, nego i ruku koja ta zapa\u017eanja umije preto\u010diti u izrazito so\u010dan, emotivan i poticajan tekst.<\/span><\/p>\n<p><span style=\"color: #000000;\">&nbsp;Djetinjstvo je, bez sumnje, velika riznica sje\u0107anja i sna\u017ean potencijal pobuda i razli\u010ditih nadahnu\u0107a, \u0161to u svom realisti\u010dkom razdoblju pokazuju mnoge nacionalne knji\u017eevnosti pa i hrvatska knji\u017eevnost, poglavito onaj njezin dio koji se vezuje uz naslje\u0111e Ante Kova\u010di\u0107a i njegova romana &#8220;U registraturi&#8221;.<\/span><\/p>\n<p><span style=\"color: #000000;\">&nbsp;No \u0160arac se, bez romanesknih pretenzija, usredoto\u010dio na prikaz vlastitoga \u017eivotnog puta, a pritom se uglavnom dr\u017eao strogih \u010dinjenica pospremljenih u vlastitom pam\u0107enju. Uglavnom, premda ne i uvijek, \u0161krt na jeziku, gotovo lapidaran njegov iskaz je na granici, dodu\u0161e vlastite, povijesnosti i stilski dotjeranoga knji\u017eevnog teksta. Rije\u010d je naravno tu o stvarnim doga\u0111ajima, ljudima i njihovim djelima! Zato su njegovi zapisi, bar kad je rije\u010d o mikrosredini iz koje je ponikao, posebno va\u017eni za &#8220;specifi\u010dno&#8221; vrijeme u kojem se rodio, odgajao, stasao i djelovao.<\/span><\/p>\n<p><span style=\"color: #000000;\">&nbsp;Mra\u010dno je to razdoblje jugoslavenskoga komunisti\u010dkoga re\u017eima te op\u0107a neima\u0161tina na jednoj strani, nasuprot koje, kao svojevrstan otpor, stoji svijest gotovo cijeloga naroda kako se \u010dovjek iz te bijede mo\u017ee izvu\u0107i vjerom, radom i izobrazbom.<\/span><\/p>\n<p><span style=\"color: #000000;\">&nbsp;Upravo zato su na po\u010detku ovih zapisa auktorova sje\u0107anja na djetinjstvo kroz prepoznatljiva obilje\u017eavanja katoli\u010dkih blagdana te mjesni zavi\u010dajni toponimi, koji nas privla\u010de i vra\u0107aju korijenima.<\/span><\/p>\n<p><span style=\"color: #000000;\">&nbsp;Nedostatak \u0161kolskih ustanova i op\u0107e siroma\u0161tvo prisiljavali su darovitiju djecu na odlazak iz zavi\u010daja u razli\u010dita mjesta i u razli\u010dite \u0161kole. Tako je i \u0160ar\u010deva \u017eivotna pri\u010da, na svoj na\u010din bila samo nastavak jedne stare stoljetne tradicije, kojom su hodili, dodu\u0161e tek rijetki pojedinci &#8211; put u samostan!<\/span><\/p>\n<p><span style=\"color: #000000;\">Tamo bi se, nakon izobrazbe, redili i uglavnom kao sve\u0107enici vra\u0107ali u narod iz kojeg su potekli. Neki od njih, skloniji peru, kistu ili kojem drugom intelektualnom poslu bili su stolje\u0107ima i jedini nositelji kulture. Drugi su pak odlazili u &#8220;svijet&#8221;, a vrijednosti, znanja i umije\u0107a \u0161to su ih tamo stekli nosili su kroz cijeli \u017eivot.<\/span><\/p>\n<p><span style=\"color: #000000;\">&nbsp;Na kraju ovoga poglavlja auktor je donio i svoja zapa\u017eanja o ljudima u samostanu, svojim odgojiteljima i profesorima. Ta topla ljudska sje\u0107anja na pojedince, koji su znatnim dijelom i odredili auktorov \u017eivot, jedna su vrsta duboke zahvale tim na\u0161im u\u010diteljima, kojima, osim ljudskih i katoli\u010dkih vrijednosti, dobrim dijelom dugujemo i svijest o vlastitom identitetu.<\/span><\/p>\n<p><span style=\"color: #000000;\">&nbsp;Drugi prozni zapis osvr\u0107e se na vrijeme provedeno u tada\u0161njoj jugoslavenskoj vojsci. Pisan je gotovo istovjetnim stilom, kao i zapisi o \u0161kolovanju. Premda je ovo mogla biti zahvalna tema na marinkovi\u0107evskom tragu vojni\u010dkoga \u017eivota, \u0160arac je i ovdje sebi dosljedan &#8211; kratak, sa\u017eet i precizan. Zanimljivo je da se neki ljudi \u0161to ih je tada sretao i susretao po jugoslavenskim vojarnama javljaju tri desetlje\u0107a kasnije kao nositelji velikosrpske agresije na Hrvatsku.<\/span><\/p>\n<p><span style=\"color: #000000;\">&nbsp;Na sli\u010dan na\u010din je, nakon zavr\u0161etka vojnoga roka, u sljede\u0107em poglavlju prikazan odlazak iz samostana, dolazak u Zagreb, pote\u0161ko\u0107e s upisom na Filozofski fakultet sa svjedod\u017ebom klasi\u010dne katoli\u010dke gimnazije, prvi posao te upis na Veterinarski fakultet u Zagrebu.<\/span><\/p>\n<p><span style=\"color: #000000;\">&nbsp;Zgodno su u ovom poglavlju prikazani, premda sa\u017eeti tek na potrebnu informaciju, susreti sa zavi\u010dajnicima i njihova me\u0111usobna solidarnost, kao i slatke muke studentskoga \u017eivota. U ovom poglavlju se tako\u0111er u nekoliko navrata spominju, tada\u0161nji studenti, koji \u0107e u kasnijim razdobljima &#8211; Hrvatskom prolje\u0107u i doga\u0111ajima s kraja 80-ih biti protagonisti hrvatskoga nacionalnog preporoda.<\/span><\/p>\n<p><span style=\"color: #000000;\">&nbsp;\u0160arac je sli\u010dnu formu zadr\u017eao i u poglavlju u kojem pi\u0161e o svom \u017eivotnom pozivu i poslovima koje je radio kao veterinar, a kasnije i tr\u017ei\u0161ni inspektor.<\/span><\/p>\n<p><span style=\"color: #000000;\">Kratki zapis o zagreba\u010dkom adventu &#8220;Adventsko blje\u0161tavilo&#8221; formalna je premosnica&nbsp; prema drugom dijelu knjige &#8220;Iskrice iz tmine&#8221;, u kojem se mudrim osmislicama bavi pitanjima smisla \u017eivota, prolazno\u0161\u0107u i pitanjem ljepote. Dva zavr\u0161na teksta, onaj ve\u0107 spomenuti s karakteristi\u010dnim putopisnim elementima i jedan lirski zapis posve\u0107eni su dvojici preminulih Duvnjaka, ali i dominikanskih gimnazijalaca &#8211; Marijanu Jur\u010devi\u0107u i Andriji Vu\u010demilu. Ovi zapisi u knjizi figuriraju ne samo kao pozdrav na rastanku, nego i kao svojevrsno &#8211; Dovi\u0111enja!<\/span><\/p>\n<p><span style=\"color: #000000;\">&nbsp;Knjiga \u0160ar\u010devih zapisa, osim duhovne dimenzije, ima i svoje posebno zna\u010denje, premda ga nadilazi, u socijalnoj mikropovijesti duvanjskoga kraja, pa je upravo zato vrijedna posebne pozornosti!<\/span><\/p>\n<p><span style=\"color: #000000;\">&nbsp;&nbsp;&nbsp;&nbsp;&nbsp;&nbsp;&nbsp;&nbsp;&nbsp;&nbsp;&nbsp;&nbsp;&nbsp; &nbsp;&nbsp;&nbsp;&nbsp;&nbsp;&nbsp;&nbsp;&nbsp;&nbsp;&nbsp;&nbsp;&nbsp;&nbsp;&nbsp;&nbsp;&nbsp;&nbsp;&nbsp;&nbsp;&nbsp;&nbsp;&nbsp;&nbsp;&nbsp;&nbsp;&nbsp;&nbsp;&nbsp;&nbsp;&nbsp;&nbsp;&nbsp;&nbsp;&nbsp;&nbsp;&nbsp;&nbsp;&nbsp;&nbsp;&nbsp;&nbsp;&nbsp;&nbsp;&nbsp;&nbsp;&nbsp;&nbsp;&nbsp;&nbsp;&nbsp;&nbsp;&nbsp;&nbsp;&nbsp;&nbsp;&nbsp;&nbsp;&nbsp;&nbsp;&nbsp;&nbsp;&nbsp;&nbsp;&nbsp;&nbsp;&nbsp;&nbsp;&nbsp;&nbsp;&nbsp;&nbsp;&nbsp;&nbsp;&nbsp;&nbsp;&nbsp;&nbsp;&nbsp;&nbsp;&nbsp;Mate Kova\u010devi\u0107&nbsp;<\/span><\/p>\n","protected":false},"excerpt":{"rendered":"<p>Nakladnik Naklada Protu\u0111er ovih je dana, u sklopu biblioteke Lijepa knji\u017eevnost, objavio knjigu Osvijetljenim tragom autora Ante \u0160arca. &nbsp;Recenziju za ovo djelo napisao je poznati hrvatski novinar, publicist i knji\u017eevnik Mate Kova\u010devi\u0107. Uz informaciju o izlasku knjige donosimo i Kova\u010devi\u0107evu &hellip; <a href=\"http:\/\/mandino-selo.com\/wp\/iz-tiska-u-nakladi-protuder-izasla-nova-knjiga-osvijetljenim-tragom-ante-sarca\/\">pro\u010ditajte vi\u0161e<\/a><\/p>\n","protected":false},"author":31,"featured_media":110330,"comment_status":"open","ping_status":"open","sticky":false,"template":"","format":"standard","meta":{"ngg_post_thumbnail":0,"kt_blocks_editor_width":"","footnotes":""},"categories":[3],"tags":[],"_links":{"self":[{"href":"http:\/\/mandino-selo.com\/wp\/wp-json\/wp\/v2\/posts\/110328"}],"collection":[{"href":"http:\/\/mandino-selo.com\/wp\/wp-json\/wp\/v2\/posts"}],"about":[{"href":"http:\/\/mandino-selo.com\/wp\/wp-json\/wp\/v2\/types\/post"}],"author":[{"embeddable":true,"href":"http:\/\/mandino-selo.com\/wp\/wp-json\/wp\/v2\/users\/31"}],"replies":[{"embeddable":true,"href":"http:\/\/mandino-selo.com\/wp\/wp-json\/wp\/v2\/comments?post=110328"}],"version-history":[{"count":2,"href":"http:\/\/mandino-selo.com\/wp\/wp-json\/wp\/v2\/posts\/110328\/revisions"}],"predecessor-version":[{"id":110331,"href":"http:\/\/mandino-selo.com\/wp\/wp-json\/wp\/v2\/posts\/110328\/revisions\/110331"}],"wp:featuredmedia":[{"embeddable":true,"href":"http:\/\/mandino-selo.com\/wp\/wp-json\/wp\/v2\/media\/110330"}],"wp:attachment":[{"href":"http:\/\/mandino-selo.com\/wp\/wp-json\/wp\/v2\/media?parent=110328"}],"wp:term":[{"taxonomy":"category","embeddable":true,"href":"http:\/\/mandino-selo.com\/wp\/wp-json\/wp\/v2\/categories?post=110328"},{"taxonomy":"post_tag","embeddable":true,"href":"http:\/\/mandino-selo.com\/wp\/wp-json\/wp\/v2\/tags?post=110328"}],"curies":[{"name":"wp","href":"https:\/\/api.w.org\/{rel}","templated":true}]}}