{"id":101191,"date":"2020-08-16T15:15:08","date_gmt":"2020-08-16T13:15:08","guid":{"rendered":"http:\/\/mandino-selo.com\/wp\/?p=101191"},"modified":"2020-08-16T20:20:50","modified_gmt":"2020-08-16T18:20:50","slug":"ante-dikic-stranka-kao-kosnica","status":"publish","type":"post","link":"http:\/\/mandino-selo.com\/wp\/ante-dikic-stranka-kao-kosnica\/","title":{"rendered":"ANTE \u0110IKI\u0106: Stranka kao ko\u0161nica?"},"content":{"rendered":"<h3><span style=\"color: #666699;\">Pi\u0161e: <strong>Ante \u0110iki\u0107<\/strong><\/span><\/h3>\n<p><span style=\"color: #666699;\">Ilustracija: <a href=\"http:\/\/medjimurje.hr\">medjimurje.hr<\/a><\/span><\/p>\n<p><span style=\"color: #000000;\">Bo\u017ee sa\u010duvaj da bi i pomislio kako je politi\u010dka stranka poput &#8216;\u010delinje zajednice kad je op\u0107epoznata stvar da su&#8217; \u010dele savr\u0161enstvo na zemaljskoj kugli \u0161to se ti\u010de nji&#8217;ova \u017eivota, rada i organizacije uop\u0107e. Ja bi ovako dalje: &#8220;Zamislite da je stranka ko\u0161nica i svi \u010dlanovi k&#8217;o eto &#8216;\u010dele u njoj i to nemali broj. Tom istom ko\u0161nicom raspola\u017ee &#8216;\u010delar, a pravom &#8216;\u010delaru je u interesu da mu zajednica &#8211; roj bude zdrav, brojan i k&#8217;o takav da svojim radom donese \u0161to vi\u0161e meda, a to ovisi i od puno drugoga ponajprije od same godine-pa\u0161e kakva \u0107e biti. Ako je pa\u0161a\u00a0 dobra i zajednica dobra bit \u0107e meda, a ako ne opet &#8220;vala ti Bo\u017ee svaki pravi &#8216;\u010delar \u0107e povest ra\u010duna da mu zajednica ostane na \u017eivotu. Glavno i osnovno svakog&#8217; &#8216;\u010delara je da prati stanje matice u zajednici jer od nje ovisi sudbina iste. Ako je matica stara- potro\u0161ena triba je zami&#8217;niti novom jer od nje nema koristi niti vi\u0161e le\u017ee, niti upravlja zajednicom i onda zajednica propada ako nema nove mlade matice koja \u0107e zajednicu ostaviti na \u017eivotu naravno uz budni nadzor &#8216;\u010delara. E sad poslu\u0161ajte i ovo : Mo\u017ee matica biti\u00a0 la\u017ena- matica trutu\u0161a\u00a0 koja le\u017ee trutovsko leglo iz kojeg \u0107e iza\u0107i trutovi i ako &#8216;\u010delar to ne spozna i ne pobrine se na vri&#8217;me istom i trutovskim leglom koje ona stvori ode cila zajednica- roj u propast. Trutovi poido\u0161e &#8216;ranu, nadja\u010da\u0161e &#8216; \u010dele\u00a0 radilice i ostalu &#8220;operativu&#8221;. Ako to &#8216;\u010delar dopusti mo\u017ee li biti dobar &#8216;\u010delar?\u00a0 Bilo bi normalno da se vridnuje rad prave matice i\u00a0 &#8216;\u010dela radilica\u00a0 pa i ponekog truta neophodnog za samu zajednicu, ali ne u tolikoj miri da oni ovladaju ko\u0161nicom i da ih se sa trutu\u0161om \u0161titi i tako upropasti sav trud. To nikako jer je onda gotovo.<\/span><\/p>\n<p>\u00a0<\/p>\n<p><span style=\"color: #000000;\">\u00a0<\/span><\/p>\n\n\n<p><\/p>\n","protected":false},"excerpt":{"rendered":"<p>Pi\u0161e: Ante \u0110iki\u0107 Ilustracija: medjimurje.hr Bo\u017ee sa\u010duvaj da bi i pomislio kako je politi\u010dka stranka poput &#8216;\u010delinje zajednice kad je op\u0107epoznata stvar da su&#8217; \u010dele savr\u0161enstvo na zemaljskoj kugli \u0161to se ti\u010de nji&#8217;ova \u017eivota, rada i organizacije uop\u0107e. Ja bi &hellip; <a href=\"http:\/\/mandino-selo.com\/wp\/ante-dikic-stranka-kao-kosnica\/\">pro\u010ditajte vi\u0161e<\/a><\/p>\n","protected":false},"author":31,"featured_media":101192,"comment_status":"open","ping_status":"open","sticky":false,"template":"","format":"standard","meta":{"ngg_post_thumbnail":0,"kt_blocks_editor_width":"","footnotes":""},"categories":[3],"tags":[],"_links":{"self":[{"href":"http:\/\/mandino-selo.com\/wp\/wp-json\/wp\/v2\/posts\/101191"}],"collection":[{"href":"http:\/\/mandino-selo.com\/wp\/wp-json\/wp\/v2\/posts"}],"about":[{"href":"http:\/\/mandino-selo.com\/wp\/wp-json\/wp\/v2\/types\/post"}],"author":[{"embeddable":true,"href":"http:\/\/mandino-selo.com\/wp\/wp-json\/wp\/v2\/users\/31"}],"replies":[{"embeddable":true,"href":"http:\/\/mandino-selo.com\/wp\/wp-json\/wp\/v2\/comments?post=101191"}],"version-history":[{"count":1,"href":"http:\/\/mandino-selo.com\/wp\/wp-json\/wp\/v2\/posts\/101191\/revisions"}],"predecessor-version":[{"id":101193,"href":"http:\/\/mandino-selo.com\/wp\/wp-json\/wp\/v2\/posts\/101191\/revisions\/101193"}],"wp:featuredmedia":[{"embeddable":true,"href":"http:\/\/mandino-selo.com\/wp\/wp-json\/wp\/v2\/media\/101192"}],"wp:attachment":[{"href":"http:\/\/mandino-selo.com\/wp\/wp-json\/wp\/v2\/media?parent=101191"}],"wp:term":[{"taxonomy":"category","embeddable":true,"href":"http:\/\/mandino-selo.com\/wp\/wp-json\/wp\/v2\/categories?post=101191"},{"taxonomy":"post_tag","embeddable":true,"href":"http:\/\/mandino-selo.com\/wp\/wp-json\/wp\/v2\/tags?post=101191"}],"curies":[{"name":"wp","href":"https:\/\/api.w.org\/{rel}","templated":true}]}}